

{"id":13184,"date":"2020-12-01T16:46:39","date_gmt":"2020-12-01T13:46:39","guid":{"rendered":"https:\/\/veramobilya.com.tr\/?p=13184"},"modified":"2020-12-01T16:46:40","modified_gmt":"2020-12-01T13:46:40","slug":"yatak-odasi-modelleri","status":"publish","type":"post","link":"https:\/\/veramobilya.com.tr\/index.php\/2020\/12\/01\/yatak-odasi-modelleri\/","title":{"rendered":"Yatak Odas\u0131 Modelleri"},"content":{"rendered":"<p>G\u00fcne merhaba dedi\u011fimiz ve en g\u00fczel \u015fekilde uyand\u0131\u011f\u0131m\u0131z yerler \u015f\u00fcphesiz yatak odalar\u0131m\u0131zd\u0131r. Yo\u011fun bir g\u00fcn\u00fcn ard\u0131na t\u00fcm yorgunlu\u011funuzu atmak i\u00e7in uzand\u0131\u011f\u0131m\u0131z yataklar\u0131m\u0131z elbette kalite bak\u0131m\u0131ndan \u00f6nemlidir. Hepimiz biliyoruz ki g\u00fczel bir uyku \u00e7ekmek t\u00fcm g\u00fcn enerjimizin iyi olmas\u0131n\u0131 sa\u011flar. K\u00f6t\u00fc bir yatak hem omurga sa\u011fl\u0131\u011f\u0131m\u0131z\u0131 bozar, hem de bizi dinlendirmedi\u011fi i\u00e7in s\u00fcrekli bir yorgunluk haline b\u00fcr\u00fcr. Bu y\u00fczdendir ki <em><strong>yatak odas\u0131 modelleri<\/strong><\/em> aras\u0131ndan se\u00e7im yaparken baz\u0131 konulara \u00f6zellikle dikkat ederiz. Bu konulardan baz\u0131lar\u0131 \u015funlard\u0131r.<\/p>\n<h2 style=\"font-size: 13pt;\">Yatak Odas\u0131 Modelleri Se\u00e7erken Dikkat Edilecekler<\/h2>\n<p>Yatak odas\u0131n\u0131 se\u00e7erken dikkat etmemiz gereken ilk \u015fey boyutudur. \u00d6zellikle k\u00fc\u00e7\u00fck bir eve sahipsek ve olduk\u00e7a k\u00fc\u00e7\u00fck bir yatak odam\u0131z varsa her istedi\u011fimiz tak\u0131m\u0131 se\u00e7memiz pek de m\u00fcmk\u00fcn de\u011fildir. Bu y\u00fczden <em><strong>yatak odas\u0131 modelleri<\/strong><\/em> aras\u0131ndan boyut olarak yatak odam\u0131zda en uygun olan\u0131n\u0131 se\u00e7meniz gerekir. Kiler veya y\u00fckl\u00fc olmayan evlerde yatak, yorgan gibi e\u015fyalar\u0131n yatak odalar\u0131nda tutuldu\u011funu hepimiz biliyoruz. Bu y\u00fczden yatak odas\u0131 tak\u0131m\u0131n\u0131 se\u00e7erken kullan\u0131\u015fl\u0131 olmas\u0131na da dikkat etmeliyiz. Bu kullan\u0131\u015fl\u0131l\u0131k sadece boyutla anlamland\u0131r\u0131lmamal\u0131d\u0131r. Boyutu k\u00fc\u00e7\u00fck olsa bile dolab\u0131n veya \u00e7ekmecelerin i\u00e7indeki d\u00fczen bizim i\u00e7in \u00f6nemlidir. Yatak odas\u0131 tak\u0131m\u0131n\u0131n se\u00e7erken dikkat etti\u011fimiz di\u011fer bir konu ise tabii ki de yatak ve bazam\u0131zd\u0131r. G\u00fcn\u00fc yorgunlu\u011funu ve stresini tamamen alacak olan yatak ve bazalar rahat ve en kalitelisi olmal\u0131d\u0131r. Yatak se\u00e7imi tabii ki de her birey i\u00e7in farkl\u0131l\u0131k g\u00f6sterir. Kimisi sert, kimisi yumu\u015fak, kimisi ise ortopedik yatak tercih eder. Bu y\u00fczden yatak odalar\u0131ndaki yata\u011f\u0131n se\u00e7imini yaparken istedi\u011finiz t\u00fcr\u00fc ma\u011faza g\u00f6revlisine s\u00f6ylemeyi unutmay\u0131n\u0131z.<\/p>\n<p>Yukar\u0131da bahsetti\u011fimiz t\u00fcm detaylar\u0131 biliyor ve buna g\u00f6re tercihinizi yap\u0131yor olabilirsiniz. Sizin i\u00e7in bunlardan as\u0131l \u00f6nemli olan evinizin havas\u0131n\u0131 bozmamas\u0131 ve alanda kendine ait g\u00fczel bir dekorasyon olu\u015fturmas\u0131 olabilir. Bu y\u00fczden modelini iyi bir \u015fekilde se\u00e7melisiniz. <em><strong>Yatak odas\u0131 modelleri<\/strong><\/em> talebin artmas\u0131yla birlikte art\u0131\u015f g\u00f6stermektedir. T\u00fcr veya renk olarak yatak odas\u0131 tak\u0131mlar\u0131 de\u011fi\u015fiklik g\u00f6stermektedir. Beyaz, gri, siyah veya ah\u015fap renkli bir\u00e7ok yatak odas\u0131 tak\u0131m\u0131 modeli ile kar\u015f\u0131la\u015fabilirsiniz. Ayn\u0131 \u015fekilde modern yatak odalar\u0131, country veya klasik yatak odalar\u0131 \u015feklinde kategorile\u015fmi\u015f bi\u00e7imde de g\u00f6rmeniz m\u00fcmk\u00fcn. Buradaki modeli se\u00e7erken dikkat etmeniz gereken konu evinizin havas\u0131n\u0131 bozmamas\u0131d\u0131r. Yani e\u011fer koltuk tak\u0131m\u0131 ve yemek odan\u0131z modern \u015fekilde dekore edildiyse yatak odan\u0131z\u0131 da mutlaka modern yatak odas\u0131 tak\u0131m\u0131 almal\u0131s\u0131n\u0131z. E\u011fer evinizde klasik bir esinti vermek istiyorsan\u0131z yine yatak odas\u0131nda klasik se\u00e7ebilirsiniz.<\/p>\n","protected":false},"excerpt":{"rendered":"<p>G\u00fcne merhaba dedi\u011fimiz ve en g\u00fczel \u015fekilde uyand\u0131\u011f\u0131m\u0131z yerler \u015f\u00fcphesiz yatak odalar\u0131m\u0131zd\u0131r. Yo\u011fun bir g\u00fcn\u00fcn ard\u0131na t\u00fcm yorgunlu\u011funuzu atmak i\u00e7in uzand\u0131\u011f\u0131m\u0131z yataklar\u0131m\u0131z elbette kalite bak\u0131m\u0131ndan \u00f6nemlidir. Hepimiz biliyoruz ki g\u00fczel bir uyku \u00e7ekmek t\u00fcm g\u00fcn enerjimizin iyi olmas\u0131n\u0131 sa\u011flar. K\u00f6t\u00fc bir yatak hem omurga sa\u011fl\u0131\u011f\u0131m\u0131z\u0131 bozar, hem de bizi dinlendirmedi\u011fi i\u00e7in s\u00fcrekli bir yorgunluk haline [&hellip;]<\/p>\n","protected":false},"author":1,"featured_media":13186,"comment_status":"open","ping_status":"open","sticky":false,"template":"","format":"standard","meta":[],"categories":[1],"tags":[],"_links":{"self":[{"href":"https:\/\/veramobilya.com.tr\/index.php\/wp-json\/wp\/v2\/posts\/13184"}],"collection":[{"href":"https:\/\/veramobilya.com.tr\/index.php\/wp-json\/wp\/v2\/posts"}],"about":[{"href":"https:\/\/veramobilya.com.tr\/index.php\/wp-json\/wp\/v2\/types\/post"}],"author":[{"embeddable":true,"href":"https:\/\/veramobilya.com.tr\/index.php\/wp-json\/wp\/v2\/users\/1"}],"replies":[{"embeddable":true,"href":"https:\/\/veramobilya.com.tr\/index.php\/wp-json\/wp\/v2\/comments?post=13184"}],"version-history":[{"count":0,"href":"https:\/\/veramobilya.com.tr\/index.php\/wp-json\/wp\/v2\/posts\/13184\/revisions"}],"wp:featuredmedia":[{"embeddable":true,"href":"https:\/\/veramobilya.com.tr\/index.php\/wp-json\/wp\/v2\/media\/13186"}],"wp:attachment":[{"href":"https:\/\/veramobilya.com.tr\/index.php\/wp-json\/wp\/v2\/media?parent=13184"}],"wp:term":[{"taxonomy":"category","embeddable":true,"href":"https:\/\/veramobilya.com.tr\/index.php\/wp-json\/wp\/v2\/categories?post=13184"},{"taxonomy":"post_tag","embeddable":true,"href":"https:\/\/veramobilya.com.tr\/index.php\/wp-json\/wp\/v2\/tags?post=13184"}],"curies":[{"name":"wp","href":"https:\/\/api.w.org\/{rel}","templated":true}]}}