

{"id":16991,"date":"2020-12-25T12:58:11","date_gmt":"2020-12-25T09:58:11","guid":{"rendered":"https:\/\/veramobilya.com.tr\/?p=16991"},"modified":"2020-12-22T13:07:04","modified_gmt":"2020-12-22T10:07:04","slug":"yatak-odasi-takimi","status":"publish","type":"post","link":"https:\/\/veramobilya.com.tr\/index.php\/2020\/12\/25\/yatak-odasi-takimi\/","title":{"rendered":"Yatak Odas\u0131 Tak\u0131m\u0131"},"content":{"rendered":"<p>Evlerimizde \u00f6nem verdi\u011fimiz b\u00f6l\u00fcmlerinden biri yatak odalar\u0131d\u0131r. G\u00fcn\u00fcn t\u00fcm yorgunlu\u011funu ve stresini att\u0131\u011f\u0131m\u0131z, uyurken g\u00fcn\u00fcn pek \u00e7ok saatini harcad\u0131\u011f\u0131m\u0131z ve g\u00fcne merhaba dedi\u011fimiz yerlerdir. Biz insanlar ya\u015fad\u0131\u011f\u0131m\u0131z alanlarda bir yerle\u015fim yeri kurma ihtiyac\u0131na b\u00fcr\u00fcn\u00fcr\u00fcz. Bu alanlar\u0131 kullan\u0131\u015fl\u0131 hale getirebilmek i\u00e7in kendilerine \u00f6zg\u00fc baz\u0131 mobilyalar sat\u0131n al\u0131r\u0131z. \u0130\u015fte yatak odalar\u0131n\u0131 yerle\u015fik hale getirmek i\u00e7in ald\u0131\u011f\u0131m\u0131z mobilyalara <em><strong>yatak odas\u0131 tak\u0131m\u0131<\/strong><\/em> ad\u0131 verilmektedir. G\u00fcn\u00fcm\u00fczde her zevke uygun ve her eve uyum sa\u011flayabilecek pek \u00e7ok yatak odas\u0131 modelleri bulunmaktad\u0131r.<\/p>\n<h2 style=\"font-size: 13pt;\">Yatak Odas\u0131 Tak\u0131m\u0131 Se\u00e7erken<\/h2>\n<p>Yatak odalar\u0131 sadece uyudu\u011fumuz alanlar de\u011fil evimizdeki pek \u00e7ok e\u015fyay\u0131 saklayan odalar olarak da kullan\u0131lmaktad\u0131r. \u00d6zellikle kullanmad\u0131\u011f\u0131m\u0131z e\u015fyalar\u0131, yast\u0131k veya yorganlar\u0131m\u0131z\u0131 e\u011fer bo\u015f bir odam\u0131z yoksa yatak odalar\u0131nda saklamay\u0131 tercih ederiz. Bu y\u00fczden \u00e7o\u011fu insan <em><strong>yatak odas\u0131 tak\u0131m\u0131<\/strong><\/em> se\u00e7erken kullan\u0131\u015fl\u0131 olmas\u0131na \u00e7ok dikkat eder. \u00d6zellikle biz insanlar\u0131n evimize onlarca dolap yapt\u0131rd\u0131\u011f\u0131n\u0131 d\u00fc\u015f\u00fcn\u00fcrsek pek de haks\u0131z say\u0131lmay\u0131z. Tak\u0131m\u0131n par\u00e7alar\u0131ndan biri olan ve se\u00e7erken en \u00e7ok dikkat etti\u011fimiz par\u00e7a \u015f\u00fcphesiz gardroplard\u0131r. Alan ne kadar k\u00fc\u00e7\u00fck olursa olsun gard\u0131robunu b\u00fcy\u00fck, i\u00e7erisini de kullan\u0131\u015fl\u0131 se\u00e7meye dikkat ederiz. Tak\u0131m\u0131n se\u00e7erken dikkat etti\u011fimiz par\u00e7alardan biri de yatak ve bazalard\u0131r. Bir yata\u011f\u0131 tercih ederken paras\u0131ndan \u00e7ok ne kadar rahat ve kaliteli oldu\u011funa bakar\u0131z. \u00c7\u00fcnk\u00fc evimizde en \u00e7ok kulland\u0131\u011f\u0131m\u0131z mobilya par\u00e7alar\u0131ndan biri koltuk tak\u0131m\u0131, di\u011feri yataklard\u0131r. Rahat bir yata\u011fa uygun rahat bir baza dekoratif bir ba\u015fl\u0131kta bu tak\u0131m i\u00e7erisinde yer alan di\u011fer par\u00e7alard\u0131r..<\/p>\n<p><em><strong>Yatak odas\u0131 tak\u0131m\u0131<\/strong><\/em> dedi\u011fimizde akl\u0131m\u0131za gelen par\u00e7alardan di\u011ferleri, \u015fifonyer ve komidinlerdir. Yataklar\u0131m\u0131z\u0131n iki ucunda bulunan komidinler bize en yak\u0131n par\u00e7alard\u0131r. Kitab\u0131m\u0131z\u0131, telefonumuzu veya gece lambam\u0131z\u0131 koydu\u011fumuz kullan\u0131\u015fl\u0131 bir mobilyad\u0131r. \u015eifonyerler ise tamamen ki\u015finin zevklerine g\u00f6re se\u00e7ilmektedir. Rahat\u00e7a makyaj yapabilece\u011fimiz veya dolap gibi kullanabilece\u011fimiz \u015fifonyerler se\u00e7mek yine bizim elimizdedir.<\/p>\n<p><em><strong>Yatak odas\u0131 tak\u0131m\u0131<\/strong><\/em>, \u015f\u0131k ve kullan\u0131\u015fl\u0131 detaylar\u0131yla birbirinden ayr\u0131lan ve binlerce \u00e7e\u015fidi bulunan mobilyalard\u0131r. Yatak odalar\u0131 ister b\u00fcy\u00fck olsun ister k\u00fc\u00e7\u00fck, her alanda kullan\u0131labilmektedir. Yatak odalar\u0131n\u0131z\u0131n havas\u0131n\u0131 de\u011fi\u015ftirmek ve yeni bir tak\u0131ma sahip olmak isteyenler Vera Mobilya ma\u011fazalar\u0131ndan g\u00fcvenle ve huzurla al\u0131\u015fveri\u015f yapabilirler.<\/p>\n","protected":false},"excerpt":{"rendered":"<p>Evlerimizde \u00f6nem verdi\u011fimiz b\u00f6l\u00fcmlerinden biri yatak odalar\u0131d\u0131r. G\u00fcn\u00fcn t\u00fcm yorgunlu\u011funu ve stresini att\u0131\u011f\u0131m\u0131z, uyurken g\u00fcn\u00fcn pek \u00e7ok saatini harcad\u0131\u011f\u0131m\u0131z ve g\u00fcne merhaba dedi\u011fimiz yerlerdir. Biz insanlar ya\u015fad\u0131\u011f\u0131m\u0131z alanlarda bir yerle\u015fim yeri kurma ihtiyac\u0131na b\u00fcr\u00fcn\u00fcr\u00fcz. Bu alanlar\u0131 kullan\u0131\u015fl\u0131 hale getirebilmek i\u00e7in kendilerine \u00f6zg\u00fc baz\u0131 mobilyalar sat\u0131n al\u0131r\u0131z. \u0130\u015fte yatak odalar\u0131n\u0131 yerle\u015fik hale getirmek i\u00e7in ald\u0131\u011f\u0131m\u0131z mobilyalara [&hellip;]<\/p>\n","protected":false},"author":1,"featured_media":16993,"comment_status":"open","ping_status":"open","sticky":false,"template":"","format":"standard","meta":[],"categories":[1],"tags":[65,66],"_links":{"self":[{"href":"https:\/\/veramobilya.com.tr\/index.php\/wp-json\/wp\/v2\/posts\/16991"}],"collection":[{"href":"https:\/\/veramobilya.com.tr\/index.php\/wp-json\/wp\/v2\/posts"}],"about":[{"href":"https:\/\/veramobilya.com.tr\/index.php\/wp-json\/wp\/v2\/types\/post"}],"author":[{"embeddable":true,"href":"https:\/\/veramobilya.com.tr\/index.php\/wp-json\/wp\/v2\/users\/1"}],"replies":[{"embeddable":true,"href":"https:\/\/veramobilya.com.tr\/index.php\/wp-json\/wp\/v2\/comments?post=16991"}],"version-history":[{"count":0,"href":"https:\/\/veramobilya.com.tr\/index.php\/wp-json\/wp\/v2\/posts\/16991\/revisions"}],"wp:featuredmedia":[{"embeddable":true,"href":"https:\/\/veramobilya.com.tr\/index.php\/wp-json\/wp\/v2\/media\/16993"}],"wp:attachment":[{"href":"https:\/\/veramobilya.com.tr\/index.php\/wp-json\/wp\/v2\/media?parent=16991"}],"wp:term":[{"taxonomy":"category","embeddable":true,"href":"https:\/\/veramobilya.com.tr\/index.php\/wp-json\/wp\/v2\/categories?post=16991"},{"taxonomy":"post_tag","embeddable":true,"href":"https:\/\/veramobilya.com.tr\/index.php\/wp-json\/wp\/v2\/tags?post=16991"}],"curies":[{"name":"wp","href":"https:\/\/api.w.org\/{rel}","templated":true}]}}