

{"id":19084,"date":"2021-01-05T01:48:57","date_gmt":"2021-01-04T22:48:57","guid":{"rendered":"https:\/\/veramobilya.com.tr\/?p=19084"},"modified":"2021-01-02T01:49:16","modified_gmt":"2021-01-01T22:49:16","slug":"salon-takimi","status":"publish","type":"post","link":"https:\/\/veramobilya.com.tr\/index.php\/2021\/01\/05\/salon-takimi\/","title":{"rendered":"Salon Tak\u0131m\u0131"},"content":{"rendered":"<p>Mobilyalar hem kullan\u0131m hem dekorasyon i\u00e7in evlerde olduk\u00e7a b\u00fcy\u00fck \u00f6nem ta\u015f\u0131r Her odaya yap\u0131lan farkl\u0131 dekorasyona g\u00f6re kullan\u0131lan Mobilya t\u00fcrleri de farkl\u0131d\u0131r. Bu y\u00fczden salon i\u00e7in kullan\u0131lan mobilya t\u00fcr\u00fc farkl\u0131 yatak odas\u0131nda kullan\u0131lan mobilya t\u00fcr\u00fc farkl\u0131d\u0131r. Yatak odas\u0131nda kullan\u0131lan mobilya par\u00e7alar\u0131n\u0131n genel ad\u0131 yatak odas\u0131 tak\u0131m\u0131, salon i\u00e7in kullan\u0131lan mobilya par\u00e7alar\u0131n\u0131n genel ad\u0131 ise <em><strong>salon tak\u0131m\u0131<\/strong> <\/em>olarak bilinmektedir. Bu tak\u0131mlar her ne kadar birbirinden farkl\u0131 gibi g\u00f6r\u00fcnse de dekorasyon a\u00e7\u0131s\u0131ndan birbirine benzemektedir.<\/p>\n<h2 style=\"font-size: 12pt;\">Salon Tak\u0131m\u0131 Ne Demektir?<\/h2>\n<p>Yemek odas\u0131 tak\u0131m\u0131 ve koltuk tak\u0131m\u0131 salonda kullan\u0131lan mobilyalard\u0131r. Bu tak\u0131mlar\u0131n mobilyac\u0131lar taraf\u0131ndan birle\u015fimiyle <em><strong>salon tak\u0131m\u0131<\/strong> <\/em>olu\u015fmu\u015ftur. Bu tak\u0131m\u0131n en iyi avantaj\u0131, iki tak\u0131m aras\u0131ndaki uyumu en iyi \u015fekilde yakalayacak olmakt\u0131r. \u00c7\u00fcnk\u00fc bu paketleri olu\u015ftururken birbirine en uyumlu olan tak\u0131mlar bir araya getirilir. Hatta mobilya \u00fcretimi yapan firmalar bu iki tak\u0131m\u0131 beraber d\u00fc\u015f\u00fcnerek tasarlama yapmaktad\u0131rlar. Bu paketler t\u00fcketiciler a\u00e7\u0131s\u0131ndan olduk\u00e7a kolayl\u0131k sa\u011flamaktad\u0131r. Mesela bir koltuk tak\u0131m\u0131 be\u011fendi\u011finizi d\u00fc\u015f\u00fcnelim. Be\u011fendi\u011finiz bu koltuk tak\u0131m\u0131n\u0131n yan\u0131na bir de yemek odas\u0131 tak\u0131m\u0131 se\u00e7mek istiyorsunuz. Yemek odas\u0131 tak\u0131m\u0131n\u0131 ararken d\u00fc\u015f\u00fcnd\u00fc\u011f\u00fcn\u00fcz tek kriter ise koltuk tak\u0131m\u0131na uyumlu olmas\u0131d\u0131r. Y\u00fczlerce yemek odas\u0131 tak\u0131m\u0131 i\u00e7erisinden koltuk tak\u0131m\u0131na en \u00e7ok uyacak modeli belirlemek \u00e7ok zor olacakt\u0131r. \u0130\u015fte salon paketleri tam da bu noktada i\u015finizi kolayla\u015ft\u0131racakt\u0131r. Daha siz d\u00fc\u015f\u00fcnmeden sizi d\u00fc\u015f\u00fcnerek tasarlanm\u0131\u015f paketler, mobilya al\u0131mlar\u0131nda kolayl\u0131k sa\u011flayacakt\u0131r.<\/p>\n<p>Salonuna mobilya sat\u0131n almak isteyen pek \u00e7ok ki\u015fi evine ve zevkine en \u00e7ok yak\u0131\u015facak mobilyay\u0131 bulmay\u0131 hedefler. Bu y\u00fczden her m\u00fc\u015fteri salon paketinin i\u00e7indeki her par\u00e7ay\u0131 be\u011fenmeyebilir ve ya istemeyebilir. K\u00fc\u00e7\u00fck eve sahip ki\u015finin salonuna konsol almas\u0131 beklenemez. Salon paketlerinin bir di\u011fer avantaj\u0131 tam da burada kar\u015f\u0131m\u0131za \u00e7\u0131k\u0131yor. Bu paketler birbiriyle uyumlu oldu\u011fu i\u00e7in bir b\u00fct\u00fcn halinde g\u00f6r\u00fcnsede, istenilen par\u00e7a de\u011fi\u015ftirilebilir veya \u00e7\u0131kar\u0131labilir durumdad\u0131r. Bu sayede herkese uygun bir salon paketi bulunmu\u015f olacakt\u0131r.<br \/>\n<em><strong>Salon tak\u0131m\u0131<\/strong><\/em>, evinize ve zevkinize en \u00e7ok uyacak \u015fekilde tercih edilmelidir. Tak\u0131m\u0131n i\u00e7indeki par\u00e7alar birbiriyle en \u00e7ok uyumlu par\u00e7alar\u0131n bir araya gelmesiyle olu\u015fturulmu\u015ftur. Farkl\u0131 par\u00e7alar birle\u015ftirilerek de bir salon paketi olu\u015fturmak m\u00fcmk\u00fcnd\u00fcr.<\/p>\n","protected":false},"excerpt":{"rendered":"<p>Mobilyalar hem kullan\u0131m hem dekorasyon i\u00e7in evlerde olduk\u00e7a b\u00fcy\u00fck \u00f6nem ta\u015f\u0131r Her odaya yap\u0131lan farkl\u0131 dekorasyona g\u00f6re kullan\u0131lan Mobilya t\u00fcrleri de farkl\u0131d\u0131r. Bu y\u00fczden salon i\u00e7in kullan\u0131lan mobilya t\u00fcr\u00fc farkl\u0131 yatak odas\u0131nda kullan\u0131lan mobilya t\u00fcr\u00fc farkl\u0131d\u0131r. Yatak odas\u0131nda kullan\u0131lan mobilya par\u00e7alar\u0131n\u0131n genel ad\u0131 yatak odas\u0131 tak\u0131m\u0131, salon i\u00e7in kullan\u0131lan mobilya par\u00e7alar\u0131n\u0131n genel ad\u0131 ise salon [&hellip;]<\/p>\n","protected":false},"author":1,"featured_media":19088,"comment_status":"open","ping_status":"open","sticky":false,"template":"","format":"standard","meta":[],"categories":[58],"tags":[69,70],"_links":{"self":[{"href":"https:\/\/veramobilya.com.tr\/index.php\/wp-json\/wp\/v2\/posts\/19084"}],"collection":[{"href":"https:\/\/veramobilya.com.tr\/index.php\/wp-json\/wp\/v2\/posts"}],"about":[{"href":"https:\/\/veramobilya.com.tr\/index.php\/wp-json\/wp\/v2\/types\/post"}],"author":[{"embeddable":true,"href":"https:\/\/veramobilya.com.tr\/index.php\/wp-json\/wp\/v2\/users\/1"}],"replies":[{"embeddable":true,"href":"https:\/\/veramobilya.com.tr\/index.php\/wp-json\/wp\/v2\/comments?post=19084"}],"version-history":[{"count":0,"href":"https:\/\/veramobilya.com.tr\/index.php\/wp-json\/wp\/v2\/posts\/19084\/revisions"}],"wp:featuredmedia":[{"embeddable":true,"href":"https:\/\/veramobilya.com.tr\/index.php\/wp-json\/wp\/v2\/media\/19088"}],"wp:attachment":[{"href":"https:\/\/veramobilya.com.tr\/index.php\/wp-json\/wp\/v2\/media?parent=19084"}],"wp:term":[{"taxonomy":"category","embeddable":true,"href":"https:\/\/veramobilya.com.tr\/index.php\/wp-json\/wp\/v2\/categories?post=19084"},{"taxonomy":"post_tag","embeddable":true,"href":"https:\/\/veramobilya.com.tr\/index.php\/wp-json\/wp\/v2\/tags?post=19084"}],"curies":[{"name":"wp","href":"https:\/\/api.w.org\/{rel}","templated":true}]}}