

{"id":27730,"date":"2021-02-25T22:53:06","date_gmt":"2021-02-25T19:53:06","guid":{"rendered":"https:\/\/veramobilya.com.tr\/?p=27730"},"modified":"2021-02-19T22:53:22","modified_gmt":"2021-02-19T19:53:22","slug":"koltuk-takimi-fiyatlari-2","status":"publish","type":"post","link":"https:\/\/veramobilya.com.tr\/index.php\/2021\/02\/25\/koltuk-takimi-fiyatlari-2\/","title":{"rendered":"Koltuk Tak\u0131m\u0131 Fiyatlar\u0131"},"content":{"rendered":"<p>Bir mobilyaya ihtiyac\u0131m\u0131z varsa g\u00fcn\u00fcm\u00fczde ilk yapt\u0131\u011f\u0131m\u0131z \u015fey internetten mobilya modellerine bakmakt\u0131r. Bir\u00e7ok sayfay\u0131 ziyaret ettikten sonra akl\u0131m\u0131za bir ka\u00e7 modeli not ederiz. Almak istedi\u011fimiz modeli kafam\u0131zda belirledikten sonra yapt\u0131\u011f\u0131m\u0131z \u015fey di\u011fer sayfalarla fiyat ara\u015ft\u0131rmas\u0131 yapmakt\u0131r. Bu fiyat ara\u015ft\u0131rmas\u0131n\u0131 yaparken hemen hemen ayn\u0131 sonu\u00e7lar\u0131 g\u00f6rece\u011finizi d\u00fc\u015f\u00fcnebilirsiniz. Kar\u015f\u0131la\u015ft\u0131\u011f\u0131m\u0131z sonu\u00e7 ise d\u00fc\u015f\u00fcnd\u00fc\u011f\u00fcn\u00fczden maalesef \u00e7ok daha farkl\u0131d\u0131r. \u00d6zellikle <em><strong>koltuk tak\u0131m\u0131 fiyatlar\u0131<\/strong><\/em>, her sayfada olduk\u00e7a de\u011fi\u015fkenlik g\u00f6sterecektir. 10.000 liraya bir sayfada g\u00f6rd\u00fc\u011f\u00fcn\u00fcz koltuk tak\u0131m\u0131n\u0131 di\u011fer bir sayfada 8 bin liraya g\u00f6rmeniz olduk\u00e7a m\u00fcmk\u00fcnd\u00fcr. Peki bu fiyatlar aras\u0131ndaki fark nas\u0131l olu\u015fuyor ve bu fiyatlar nas\u0131l belirleniyor?<\/p>\n<h2 style=\"font-size: 13pt;\">Koltuk Tak\u0131m\u0131 Fiyatlar\u0131 Hakk\u0131nda<\/h2>\n<p>\u00dcretimi olan her \u00fcr\u00fcn\u00fcn fiyat\u0131, g\u00f6sterilen eme\u011fe g\u00f6re de\u011fi\u015fiklik g\u00f6stermektedir. Bu y\u00fczden mobilyalardaki fiyatlar ve fiyat farklar\u0131, marketteki \u00fcr\u00fcnlerden daha farkl\u0131 olacakt\u0131r. \u00c7\u00fcnk\u00fc mobilyada daha zahmetli i\u015flemler ve \u00e7ok daha fazla i\u015f\u00e7ilik bulunmaktad\u0131r. Tabii ki bu i\u015f\u00e7ilik, modeline g\u00f6re de de\u011fi\u015fiklik g\u00f6stermektedir. \u00d6rne\u011fin bir koltuk tak\u0131m\u0131nda g\u00f6rd\u00fc\u011f\u00fcn\u00fcz i\u015fleme detaylar\u0131 size oldu\u011fundan y\u00fcksek fiyatlar \u00e7\u0131kar\u0131r. S\u0131rt\u0131n\u0131n d\u00fcz veya kapitoneli olmas\u0131 aras\u0131nda bir fiyat fark\u0131 vard\u0131r. Bunun nedeni ise i\u015f\u00e7ili\u011finin kapitone de daha fazla olmas\u0131ndan kaynaklan\u0131r. Sadece \u00fcretimden de\u011fil, \u00fcretimde kullan\u0131lan malzemenin farkl\u0131l\u0131\u011f\u0131 da <strong>koltuk tak\u0131m\u0131 fiyatlar\u0131<\/strong>n\u0131 etkilemektedir. E\u011fer yap\u0131lan koltuk tak\u0131m\u0131n\u0131n iskeleti, g\u00fcrgen veya ceviz a\u011fac\u0131 gibi dayan\u0131kl\u0131 malzemelerden yap\u0131ld\u0131ysa sunta \u00fcretime kar\u015f\u0131 daha maliyetli \u00e7\u0131kacakt\u0131r. S\u00fcngerin \u00f6l\u00e7\u00fct\u00fc veya aya\u011f\u0131n\u0131n ah\u015fap ya da plastik kullan\u0131lmas\u0131 da bu fiyatlar\u0131 tabii ki de etkileyecektir.<\/p>\n<p>Ayn\u0131 \u015fekilde <em><strong>koltuk tak\u0131m\u0131 fiyatlar\u0131<\/strong><\/em>\u00a0etkileyen di\u011fer bir \u015fey ise koltu\u011fun sat\u0131ld\u0131\u011f\u0131 yerdir. E\u011fer koltu\u011funuzu bir \u00fcreticiden, imalat\u00e7\u0131dan sat\u0131n al\u0131yorsan\u0131z, ma\u011fazalara g\u00f6re daha uygun fiyatlardan alabilirsiniz. Ma\u011fazalar aras\u0131nda kar\u015f\u0131la\u015ft\u0131rma yapt\u0131\u011f\u0131m\u0131zda ise daha g\u00f6steri\u015fli ma\u011fazalardaki fiyatlar daha y\u00fcksek oldu\u011fu gibi daha k\u00fc\u00e7\u00fck ma\u011fazalarda daha d\u00fc\u015f\u00fck fiyatlarla istedi\u011finiz koltuk tak\u0131m\u0131na sahip olabilirsiniz. Ayr\u0131ca fabrika \u00fcr\u00fcn\u00fc koltuk tak\u0131m\u0131 yine el i\u015f\u00e7ili\u011fine g\u00f6re daha uygun fiyatlarla sat\u0131lmaktad\u0131r.<\/p>\n<p><em><strong>Koltuk tak\u0131m\u0131 fiyatlar\u0131<\/strong> <\/em>i\u015f\u00e7ili\u011fe, kullan\u0131lan malzemeye ve sat\u0131ld\u0131\u011f\u0131 yere g\u00f6re de\u011fi\u015fiklik g\u00f6sterir. Uygun fiyatlarla koltuk tak\u0131m\u0131 sahibi olmak istiyorsan\u0131z, Vera Mobilya ma\u011fazalar\u0131m\u0131z\u0131 ziyaret edebilirsiniz.<\/p>\n","protected":false},"excerpt":{"rendered":"<p>Bir mobilyaya ihtiyac\u0131m\u0131z varsa g\u00fcn\u00fcm\u00fczde ilk yapt\u0131\u011f\u0131m\u0131z \u015fey internetten mobilya modellerine bakmakt\u0131r. Bir\u00e7ok sayfay\u0131 ziyaret ettikten sonra akl\u0131m\u0131za bir ka\u00e7 modeli not ederiz. Almak istedi\u011fimiz modeli kafam\u0131zda belirledikten sonra yapt\u0131\u011f\u0131m\u0131z \u015fey di\u011fer sayfalarla fiyat ara\u015ft\u0131rmas\u0131 yapmakt\u0131r. Bu fiyat ara\u015ft\u0131rmas\u0131n\u0131 yaparken hemen hemen ayn\u0131 sonu\u00e7lar\u0131 g\u00f6rece\u011finizi d\u00fc\u015f\u00fcnebilirsiniz. Kar\u015f\u0131la\u015ft\u0131\u011f\u0131m\u0131z sonu\u00e7 ise d\u00fc\u015f\u00fcnd\u00fc\u011f\u00fcn\u00fczden maalesef \u00e7ok daha farkl\u0131d\u0131r. \u00d6zellikle [&hellip;]<\/p>\n","protected":false},"author":1,"featured_media":27732,"comment_status":"open","ping_status":"open","sticky":false,"template":"","format":"standard","meta":[],"categories":[58],"tags":[46,59],"_links":{"self":[{"href":"https:\/\/veramobilya.com.tr\/index.php\/wp-json\/wp\/v2\/posts\/27730"}],"collection":[{"href":"https:\/\/veramobilya.com.tr\/index.php\/wp-json\/wp\/v2\/posts"}],"about":[{"href":"https:\/\/veramobilya.com.tr\/index.php\/wp-json\/wp\/v2\/types\/post"}],"author":[{"embeddable":true,"href":"https:\/\/veramobilya.com.tr\/index.php\/wp-json\/wp\/v2\/users\/1"}],"replies":[{"embeddable":true,"href":"https:\/\/veramobilya.com.tr\/index.php\/wp-json\/wp\/v2\/comments?post=27730"}],"version-history":[{"count":0,"href":"https:\/\/veramobilya.com.tr\/index.php\/wp-json\/wp\/v2\/posts\/27730\/revisions"}],"wp:featuredmedia":[{"embeddable":true,"href":"https:\/\/veramobilya.com.tr\/index.php\/wp-json\/wp\/v2\/media\/27732"}],"wp:attachment":[{"href":"https:\/\/veramobilya.com.tr\/index.php\/wp-json\/wp\/v2\/media?parent=27730"}],"wp:term":[{"taxonomy":"category","embeddable":true,"href":"https:\/\/veramobilya.com.tr\/index.php\/wp-json\/wp\/v2\/categories?post=27730"},{"taxonomy":"post_tag","embeddable":true,"href":"https:\/\/veramobilya.com.tr\/index.php\/wp-json\/wp\/v2\/tags?post=27730"}],"curies":[{"name":"wp","href":"https:\/\/api.w.org\/{rel}","templated":true}]}}