

{"id":29833,"date":"2021-03-05T10:25:32","date_gmt":"2021-03-05T07:25:32","guid":{"rendered":"https:\/\/veramobilya.com.tr\/?p=29833"},"modified":"2021-03-03T10:27:53","modified_gmt":"2021-03-03T07:27:53","slug":"l-koltuk-takimi","status":"publish","type":"post","link":"https:\/\/veramobilya.com.tr\/index.php\/2021\/03\/05\/l-koltuk-takimi\/","title":{"rendered":"L Koltuk Tak\u0131m\u0131"},"content":{"rendered":"<p><span style=\"font-weight: 400;\">K\u00f6\u015fe tak\u0131mlar\u0131 \u00f6zellikle son d\u00f6nemde yeniden favori olan mobilyalar aras\u0131nda yerini alm\u0131\u015f durumda. Hem \u015f\u0131k hem trend hem de kullan\u0131\u015fl\u0131 olan k\u00f6\u015fe tak\u0131mlar\u0131 hemen her markan\u0131n y\u0131ll\u0131k kreasyonunda yer al\u0131yor. Salonda, oturma odalar\u0131nda, mutfaklarda, yani evin her odas\u0131nda rahatl\u0131kla kullan\u0131labilen k\u00f6\u015fe koltuk tak\u0131mlar\u0131 \u00f6zellikle rahat\u0131na d\u00fc\u015fk\u00fcn ki\u015filer taraf\u0131ndan s\u0131kl\u0131kla tercih ediliyor. K\u00f6\u015fe tak\u0131mlar\u0131 ayn\u0131 zamanda<\/span><b> l koltuk tak\u0131m\u0131 <\/b><span style=\"font-weight: 400;\">olarakta bilinmektedir.. \u00d6zellikle tipi\u00a0 \u201cL\u201d olan koltuk tak\u0131mlar\u0131 metrekaresi k\u00fc\u00e7\u00fck alanlara bile kolayl\u0131kla uyum sa\u011fl\u0131yor. Modern tarz\u0131 sevenlerin ve yeni evli \u00e7iftlerin de g\u00f6zdesi olan k\u00f6\u015fe koltuk modelleri her \u015feyden evvel rahat olduklar\u0131 i\u00e7in tercih ediliyor.<\/span><\/p>\n<h4><b><i>L Koltuk Tak\u0131m\u0131<\/i><\/b><b> Avantajlar\u0131<\/b><\/h4>\n<p><b>L koltuk tak\u0131m\u0131 <\/b><span style=\"font-weight: 400;\">t\u00fcr\u00fcn\u00fcn en b\u00fcy\u00fck \u00f6zelli\u011fi salonlar\u0131 birden \u00e7ok alana b\u00f6lmesidir. Salon i\u00e7erisinde hem oturma alan\u0131 hem de yemek alan\u0131 olsun istiyorsan\u0131z bunu l koltuk tak\u0131m\u0131yla kolayca yapabilirsiniz. Salonunuzdaki oturma alan\u0131 ile yemek alan\u0131n\u0131 l koltuk ile s\u0131n\u0131rlayabilir; tek bir odada iki farkl\u0131 alan elde edebilirsiniz. \u00dcstelik bunlar\u0131 yapmak \u00e7ok basit. Odalar\u0131n\u0131z\u0131n \u00f6l\u00e7\u00fcs\u00fcn\u00fc alman\u0131z ve alaca\u011f\u0131n\u0131z modeli se\u00e7mek yeterli olacakt\u0131r. Bir de g\u00fcvenilir bir firma ile anla\u015f\u0131rsan\u0131z salon dekorasyonunu hatas\u0131z bir \u015fekilde tamamlanacak demektir.\u00a0<\/span><\/p>\n<p><span style=\"font-weight: 400;\">K\u00f6\u015fe tak\u0131m\u0131<\/span> <span style=\"font-weight: 400;\">\u00f6zellikle de televizyon kar\u015f\u0131s\u0131 \u00e7ok zaman ge\u00e7en oturma odalar\u0131nda \u00e7ok pop\u00fcler. Burada ama\u00e7 genellikle uzan\u0131p, bir \u015feyler izlemek veya okumak olaca\u011f\u0131 i\u00e7in bir ikili, bir uzanma koltu\u011funun birle\u015fiminden olu\u015fan bir k\u00f6\u015fe koltuk konfor sa\u011flayacakt\u0131r. \u00c7\u00fcnk\u00fc kimse televizyona dik oturmak istemez. \u0130ki taraf\u0131nda da kol olan bir k\u00f6\u015fe yerine, b\u00f6yle bir k\u00f6\u015fe kullanmak bu oda i\u00e7in ba\u015far\u0131l\u0131 bir \u00e7\u00f6z\u00fcm. Uzanma koltu\u011fu b\u00f6l\u00fcm\u00fcn\u00fcn do\u011fru tarafta olmas\u0131, odada kolayca hareket edebilmek i\u00e7in \u00f6nemli. Bu ve daha pek \u00e7ok kolayl\u0131k i\u00e7in k\u00f6\u015fe tak\u0131mlar\u0131 yan\u0131n\u0131zda.<\/span><\/p>\n<p><b>L koltuk tak\u0131m\u0131<\/b><span style=\"font-weight: 400;\"> tasar\u0131mlar\u0131, rahatl\u0131\u011fa \u00f6nem veriyor; bir kanepe veya berjerin daha ciddi oturum pozisyonu aksine, uzanma pozisyonuna da ge\u00e7meye imkan sa\u011fl\u0131yor. Minimum alan\u0131 kullanarak maksimum fayda sa\u011flayabilmemiz i\u00e7in <\/span><a href=\"https:\/\/www.konfor.com.tr\/grup\/koltuk-takimi\/\"><span style=\"font-weight: 400;\">kol<\/span><\/a><span style=\"font-weight: 400;\">tuk tak\u0131m<\/span><a href=\"https:\/\/www.konfor.com.tr\/grup\/koltuk-takimi\/\"><span style=\"font-weight: 400;\">\u0131<\/span><\/a><span style=\"font-weight: 400;\"> konusunda se\u00e7imimiz L koltuklardan yana olabilir. Sizde k\u00f6\u015fe tak\u0131m\u0131 almaya karar verdiyseniz ve odalar\u0131n\u0131z\u0131n \u00f6l\u00e7\u00fcs\u00fcn\u00fc ald\u0131ysan\u0131z Vera Mobilya ma\u011fazalar\u0131na bekleniyorsunuz.<\/span><\/p>\n","protected":false},"excerpt":{"rendered":"<p>K\u00f6\u015fe tak\u0131mlar\u0131 \u00f6zellikle son d\u00f6nemde yeniden favori olan mobilyalar aras\u0131nda yerini alm\u0131\u015f durumda. Hem \u015f\u0131k hem trend hem de kullan\u0131\u015fl\u0131 olan k\u00f6\u015fe tak\u0131mlar\u0131 hemen her markan\u0131n y\u0131ll\u0131k kreasyonunda yer al\u0131yor. Salonda, oturma odalar\u0131nda, mutfaklarda, yani evin her odas\u0131nda rahatl\u0131kla kullan\u0131labilen k\u00f6\u015fe koltuk tak\u0131mlar\u0131 \u00f6zellikle rahat\u0131na d\u00fc\u015fk\u00fcn ki\u015filer taraf\u0131ndan s\u0131kl\u0131kla tercih ediliyor. K\u00f6\u015fe tak\u0131mlar\u0131 ayn\u0131 zamanda [&hellip;]<\/p>\n","protected":false},"author":1,"featured_media":29834,"comment_status":"open","ping_status":"open","sticky":false,"template":"","format":"standard","meta":[],"categories":[1],"tags":[68,74],"_links":{"self":[{"href":"https:\/\/veramobilya.com.tr\/index.php\/wp-json\/wp\/v2\/posts\/29833"}],"collection":[{"href":"https:\/\/veramobilya.com.tr\/index.php\/wp-json\/wp\/v2\/posts"}],"about":[{"href":"https:\/\/veramobilya.com.tr\/index.php\/wp-json\/wp\/v2\/types\/post"}],"author":[{"embeddable":true,"href":"https:\/\/veramobilya.com.tr\/index.php\/wp-json\/wp\/v2\/users\/1"}],"replies":[{"embeddable":true,"href":"https:\/\/veramobilya.com.tr\/index.php\/wp-json\/wp\/v2\/comments?post=29833"}],"version-history":[{"count":0,"href":"https:\/\/veramobilya.com.tr\/index.php\/wp-json\/wp\/v2\/posts\/29833\/revisions"}],"wp:featuredmedia":[{"embeddable":true,"href":"https:\/\/veramobilya.com.tr\/index.php\/wp-json\/wp\/v2\/media\/29834"}],"wp:attachment":[{"href":"https:\/\/veramobilya.com.tr\/index.php\/wp-json\/wp\/v2\/media?parent=29833"}],"wp:term":[{"taxonomy":"category","embeddable":true,"href":"https:\/\/veramobilya.com.tr\/index.php\/wp-json\/wp\/v2\/categories?post=29833"},{"taxonomy":"post_tag","embeddable":true,"href":"https:\/\/veramobilya.com.tr\/index.php\/wp-json\/wp\/v2\/tags?post=29833"}],"curies":[{"name":"wp","href":"https:\/\/api.w.org\/{rel}","templated":true}]}}