

{"id":29836,"date":"2021-03-07T10:28:01","date_gmt":"2021-03-07T07:28:01","guid":{"rendered":"https:\/\/veramobilya.com.tr\/?p=29836"},"modified":"2021-03-11T13:57:14","modified_gmt":"2021-03-11T10:57:14","slug":"yatak-odasi-fiyatlari","status":"publish","type":"post","link":"https:\/\/veramobilya.com.tr\/index.php\/2021\/03\/07\/yatak-odasi-fiyatlari\/","title":{"rendered":"Yatak Odas\u0131 Fiyatlar\u0131"},"content":{"rendered":"<p><span style=\"font-weight: 400;\">Evlerde dinlenmek i\u00e7in en fazla zaman ge\u00e7irilen alanlardan biri \u015f\u00fcphesiz yatak odalar\u0131d\u0131r. Yatak odalar\u0131nda uyumak, dinlenmek ve uzanmak isteyen ki\u015filer i\u00e7in yatak odalar\u0131n\u0131n dekorasyonu olduk\u00e7a \u00f6nemlidir. Dinlenmeniz i\u00e7in en uygun yatak odas\u0131 mobilyalar\u0131 se\u00e7ilmesi ve uygun dekorasyonun yap\u0131lmas\u0131 i\u00e7in dikkat edilmesi gereken hususlar bulunmaktad\u0131r. Tabii ki t\u00fcm bunlar\u0131n yan\u0131nda <\/span><b>yatak odas\u0131 fiyatlar\u0131<\/b><span style=\"font-weight: 400;\"> da b\u00fcy\u00fck \u00f6nem ta\u015f\u0131maktad\u0131r. Her ne kadar g\u00fczel ve rahat yatak odalar\u0131na kavu\u015fmak istesekte bazen bu durum b\u00fct\u00e7emizi zorlamaktad\u0131r. Vera Mobilya ma\u011fazalar\u0131 tam da bu noktada b\u00fcy\u00fck \u00f6nem ta\u015f\u0131maktad\u0131r. Her b\u00fct\u00e7eye uygun en \u015f\u0131k yatak odas\u0131 tak\u0131mlar\u0131na bu ma\u011fazalar sayesinde kavu\u015fabilirsiniz.\u00a0<\/span><\/p>\n<p><span style=\"font-weight: 400;\">Konforlu, rahat ve \u015f\u0131k yatak odas\u0131 tak\u0131mlar\u0131 aras\u0131ndan se\u00e7im yapmak hayli zor. Ancak sa\u011fl\u0131kl\u0131 bir uyku \u00e7ekmek ve dekorasyonunuzu tamamlayacak yatak odas\u0131 se\u00e7mek i\u00e7in birbirinden farkl\u0131 yatak odas\u0131 tak\u0131mlar\u0131 aras\u0131ndan se\u00e7im yapabilir ve yatak odalar\u0131n\u0131z\u0131 tamamlayabilirsiniz. Bir yatak odas\u0131 tak\u0131m\u0131 se\u00e7erken dikkat edilecekler bununla s\u0131n\u0131rl\u0131 de\u011fildir. Yatak odas\u0131 fiyatlar\u0131, yatak odas\u0131 tak\u0131m\u0131n\u0131 se\u00e7me konusunda b\u00fcy\u00fck rol oynar. \u00c7ok be\u011fendi\u011finiz ve evinize \u00e7ok yak\u0131\u015ft\u0131rd\u0131\u011f\u0131n\u0131z bir tak\u0131m b\u00fct\u00e7e olarak sizi zorlayabilir. Bu y\u00fczden yatak odas\u0131 tak\u0131m\u0131 almaya karar verdi\u011finizde <\/span><b>yatak odas\u0131 fiyatlar\u0131<\/b><span style=\"font-weight: 400;\"> g\u00f6z \u00f6n\u00fcnde bulundurulmal\u0131d\u0131r.\u00a0<\/span><\/p>\n<p><b>Yatak odas\u0131 fiyatlar\u0131<\/b><span style=\"font-weight: 400;\"> modele, al\u0131nan ma\u011fazaya ve kullan\u0131lan malzemeye g\u00f6re de\u011fi\u015fiklik g\u00f6stermektedir. Her model birbirinden nas\u0131l farkl\u0131ysa fiyatlar\u0131 da o derece farkl\u0131 olacakt\u0131r. Ayak detay\u0131, i\u015f\u00e7ili\u011fi gibi bir \u00e7ok kriter g\u00f6z \u00f6n\u00fcnde bulundurularak fiyatlar belirlenmekte ve haliyle farkl\u0131l\u0131k g\u00f6r\u00fclmektedir. Fiyatlar ma\u011fazan\u0131n bulundu\u011fu ile ve konumuna g\u00f6re de de\u011fi\u015fiklik g\u00f6stermektedir. \u00d6rne\u011fin al\u0131\u015fveri\u015f merkezinde bulunan bir ma\u011faza ile mobilyac\u0131lar\u0131n bulundu\u011fu bir b\u00f6lgede yer alan tak\u0131mlar\u0131n fiyat\u0131 farkl\u0131 olacakt\u0131r. Kullan\u0131lan malzemenin kalitesine g\u00f6re de maliyet farkl\u0131la\u015ft\u0131\u011f\u0131 i\u00e7in fiyatlar de\u011fi\u015fiklik g\u00f6sterecektir.\u00a0<\/span><\/p>\n<p><b>Yatak odas\u0131 fiyatlar\u0131<\/b><span style=\"font-weight: 400;\"> her ma\u011faza ve \u00fcretici i\u00e7in baz\u0131 kriterler g\u00f6z \u00f6n\u00fcne al\u0131narak belirlenmektedir. Hem b\u00fct\u00e7enize uygun hem de \u015f\u0131kl\u0131 yatak odas\u0131 tak\u0131mlar\u0131 aray\u0131\u015f\u0131nda olanlar Vera Mobilya ma\u011fazas\u0131n\u0131 tercih edebilirler. Hem kalitelerinden asla \u00f6d\u00fcn vermeyen bir firma olmalar\u0131yla hem de b\u00fct\u00e7e dostu \u00fcr\u00fcnleri ile m\u00fc\u015fterilerini memnun etmektedir.\u00a0<\/span><\/p>\n","protected":false},"excerpt":{"rendered":"<p>Evlerde dinlenmek i\u00e7in en fazla zaman ge\u00e7irilen alanlardan biri \u015f\u00fcphesiz yatak odalar\u0131d\u0131r. Yatak odalar\u0131nda uyumak, dinlenmek ve uzanmak isteyen ki\u015filer i\u00e7in yatak odalar\u0131n\u0131n dekorasyonu olduk\u00e7a \u00f6nemlidir. Dinlenmeniz i\u00e7in en uygun yatak odas\u0131 mobilyalar\u0131 se\u00e7ilmesi ve uygun dekorasyonun yap\u0131lmas\u0131 i\u00e7in dikkat edilmesi gereken hususlar bulunmaktad\u0131r. Tabii ki t\u00fcm bunlar\u0131n yan\u0131nda yatak odas\u0131 fiyatlar\u0131 da b\u00fcy\u00fck \u00f6nem [&hellip;]<\/p>\n","protected":false},"author":1,"featured_media":29837,"comment_status":"open","ping_status":"open","sticky":false,"template":"","format":"standard","meta":[],"categories":[1],"tags":[65,76,75],"_links":{"self":[{"href":"https:\/\/veramobilya.com.tr\/index.php\/wp-json\/wp\/v2\/posts\/29836"}],"collection":[{"href":"https:\/\/veramobilya.com.tr\/index.php\/wp-json\/wp\/v2\/posts"}],"about":[{"href":"https:\/\/veramobilya.com.tr\/index.php\/wp-json\/wp\/v2\/types\/post"}],"author":[{"embeddable":true,"href":"https:\/\/veramobilya.com.tr\/index.php\/wp-json\/wp\/v2\/users\/1"}],"replies":[{"embeddable":true,"href":"https:\/\/veramobilya.com.tr\/index.php\/wp-json\/wp\/v2\/comments?post=29836"}],"version-history":[{"count":0,"href":"https:\/\/veramobilya.com.tr\/index.php\/wp-json\/wp\/v2\/posts\/29836\/revisions"}],"wp:featuredmedia":[{"embeddable":true,"href":"https:\/\/veramobilya.com.tr\/index.php\/wp-json\/wp\/v2\/media\/29837"}],"wp:attachment":[{"href":"https:\/\/veramobilya.com.tr\/index.php\/wp-json\/wp\/v2\/media?parent=29836"}],"wp:term":[{"taxonomy":"category","embeddable":true,"href":"https:\/\/veramobilya.com.tr\/index.php\/wp-json\/wp\/v2\/categories?post=29836"},{"taxonomy":"post_tag","embeddable":true,"href":"https:\/\/veramobilya.com.tr\/index.php\/wp-json\/wp\/v2\/tags?post=29836"}],"curies":[{"name":"wp","href":"https:\/\/api.w.org\/{rel}","templated":true}]}}