

{"id":30476,"date":"2021-03-10T15:38:22","date_gmt":"2021-03-10T12:38:22","guid":{"rendered":"https:\/\/veramobilya.com.tr\/?p=30476"},"modified":"2021-03-05T15:41:28","modified_gmt":"2021-03-05T12:41:28","slug":"yatak-odasi-dekorasyon","status":"publish","type":"post","link":"https:\/\/veramobilya.com.tr\/index.php\/2021\/03\/10\/yatak-odasi-dekorasyon\/","title":{"rendered":"Yatak Odas\u0131 Dekorasyon"},"content":{"rendered":"<p><span style=\"font-weight: 400;\">Yatak odas\u0131 dekorasyonunun \u00f6nemi t\u00fcm evler i\u00e7in en \u00fcst d\u00fczeydedir. G\u00fcn\u00fcm\u00fczde evler dekore edilirken yatak odas\u0131 dizayn i\u015flemi \u00e7ok titiz bir \u015fekilde yap\u0131l\u0131r. Bunun temel nedeni yatak odas\u0131n\u0131n evin en \u00f6zel ya\u015fam alan\u0131 olmas\u0131d\u0131r. Geni\u015f yatak odalar\u0131 i\u00e7in pratik \u00e7\u00f6z\u00fcmler kolayl\u0131kla bulunurken dar yatak odalar\u0131 i\u00e7in \u00e7\u00f6z\u00fcmler bulmak o zorlu bir s\u00fcre\u00e7 olmaktad\u0131r. Yatak odas\u0131 dizayn i\u015fleminde odan\u0131n \u00f6l\u00e7\u00fcleri k\u00fc\u00e7\u00fck ise her detay oda \u00f6l\u00e7\u00fcs\u00fc ile orant\u0131l\u0131 olacak \u015fekilde se\u00e7ilir. Dar dikd\u00f6rtgen <\/span><b>yatak odas\u0131 dekorasyon<\/b><span style=\"font-weight: 400;\"> yap\u0131l\u0131rken yatak boyutlar\u0131 dikd\u00f6rtgen form ile orant\u0131l\u0131 olmak zorundad\u0131r.<\/span><\/p>\n<h4><b>Yatak Odas\u0131 Dekorasyon Nas\u0131l Olmal\u0131d\u0131r?<\/b><\/h4>\n<p><span style=\"font-weight: 400;\">Yatak odas\u0131 dekorasyonu \u00f6nem verilmesi gereken alanlardan biridir. Hayat\u0131m\u0131z\u0131n \u00f6nemli bir b\u00f6l\u00fcm\u00fcn\u00fc yatak odalar\u0131nda ge\u00e7iririz ve odan\u0131n dekorasyonu ya\u015fam kalitemizi do\u011frudan etkiler. Sabah mutlu uyand\u0131\u011f\u0131m\u0131zda g\u00fcn\u00fcm\u00fcz\u00fcn iyi ge\u00e7mesi yatak odam\u0131z\u0131n dekorasyonunun bizim \u00fczerimizdeki etkilerine ba\u011fl\u0131d\u0131r. Mobilya d\u00fczenlemek bir sanatt\u0131r. Herhangi bir oday\u0131 en iyi \u015fekilde kullanabilmek ve daha g\u00fczel g\u00f6r\u00fcnmesini sa\u011flaman\u0131n birincil yolu mobilyalar\u0131n do\u011fru yerle\u015ftirmektir. Herkes biraz d\u00fc\u015f\u00fcnerek ve birka\u00e7 deneme ile kendisine uygun bir oda d\u00fczenleyebilir. Zira yatak odas\u0131 tamamen size \u00f6zel bir aland\u0131r ve hi\u00e7bir profesyonel hayalinizdeki yatak odas\u0131n\u0131 birebir canland\u0131ramaz. Dolay\u0131s\u0131yla yeni bir eve ta\u015f\u0131nd\u0131\u011f\u0131n\u0131zda ya da yatak odan\u0131z\u0131n \u00e7ehresini de\u011fi\u015ftirmek istedi\u011finizde i\u015fe mobilya d\u00fczeni ile ba\u015flayabilirsiniz.\u00a0<\/span><\/p>\n<p><span style=\"font-weight: 400;\">Ya\u015fam alan\u0131n\u0131z\u0131n boyutunu d\u00fc\u015f\u00fcn\u00fcn. Dar bir yatak odas\u0131na sahip k\u00fc\u00e7\u00fck bir apartman dairesinde mi ya\u015f\u0131yorsunuz yoksa b\u00fcy\u00fck ve ferah yatak odal\u0131 geni\u015f bir daireniz var m\u0131? B\u00fcy\u00fck yatak odas\u0131 tak\u0131mlar\u0131 k\u00fc\u00e7\u00fck daireler i\u00e7in pratik olmayabilir, k\u00fc\u00e7\u00fck yatak tak\u0131mlar\u0131 ise daha geni\u015f bir alanda garip g\u00f6r\u00fcnebilir. Mobilyalar\u0131n\u0131z\u0131 oda \u00f6l\u00e7e\u011fiyle e\u015fle\u015ftirin ve sahip oldu\u011funuz alana g\u00f6re hareket edin. K\u00fc\u00e7\u00fck bir yatak odas\u0131n\u0131 dizayn etmenin de tabii ki kendine g\u00f6re baz\u0131 zorluklar\u0131 olabilir ama geli\u015fen tasar\u0131m anlay\u0131\u015f\u0131 sayesinde do\u011fru <\/span><span style=\"font-weight: 400;\">mobilya ve aksesuar<\/span><span style=\"font-weight: 400;\"> tercihleri ile bu zorluklar\u0131 a\u015fmak art\u0131k \u00e7ok daha kolay.\u00a0<\/span><\/p>\n<p><b>Yatak odas\u0131 dekorasyon<\/b><span style=\"font-weight: 400;\"> alan\u0131nda uzman ki\u015filerin ellerinden ge\u00e7ti\u011fi zaman \u00e7ok iyi sonu\u00e7lar verir. Sizler de yatak odan\u0131z hakk\u0131nda bizlerden fikir almak diledi\u011finiz bizi \u00fccretsiz olarak arayabilir, soru ve g\u00f6r\u00fc\u015flerinizi bize iletebilirsiniz.<\/span><\/p>\n","protected":false},"excerpt":{"rendered":"<p>Yatak odas\u0131 dekorasyonunun \u00f6nemi t\u00fcm evler i\u00e7in en \u00fcst d\u00fczeydedir. G\u00fcn\u00fcm\u00fczde evler dekore edilirken yatak odas\u0131 dizayn i\u015flemi \u00e7ok titiz bir \u015fekilde yap\u0131l\u0131r. Bunun temel nedeni yatak odas\u0131n\u0131n evin en \u00f6zel ya\u015fam alan\u0131 olmas\u0131d\u0131r. Geni\u015f yatak odalar\u0131 i\u00e7in pratik \u00e7\u00f6z\u00fcmler kolayl\u0131kla bulunurken dar yatak odalar\u0131 i\u00e7in \u00e7\u00f6z\u00fcmler bulmak o zorlu bir s\u00fcre\u00e7 olmaktad\u0131r. Yatak odas\u0131 [&hellip;]<\/p>\n","protected":false},"author":1,"featured_media":30477,"comment_status":"open","ping_status":"open","sticky":false,"template":"","format":"standard","meta":[],"categories":[1],"tags":[65,77,78,75],"_links":{"self":[{"href":"https:\/\/veramobilya.com.tr\/index.php\/wp-json\/wp\/v2\/posts\/30476"}],"collection":[{"href":"https:\/\/veramobilya.com.tr\/index.php\/wp-json\/wp\/v2\/posts"}],"about":[{"href":"https:\/\/veramobilya.com.tr\/index.php\/wp-json\/wp\/v2\/types\/post"}],"author":[{"embeddable":true,"href":"https:\/\/veramobilya.com.tr\/index.php\/wp-json\/wp\/v2\/users\/1"}],"replies":[{"embeddable":true,"href":"https:\/\/veramobilya.com.tr\/index.php\/wp-json\/wp\/v2\/comments?post=30476"}],"version-history":[{"count":0,"href":"https:\/\/veramobilya.com.tr\/index.php\/wp-json\/wp\/v2\/posts\/30476\/revisions"}],"wp:featuredmedia":[{"embeddable":true,"href":"https:\/\/veramobilya.com.tr\/index.php\/wp-json\/wp\/v2\/media\/30477"}],"wp:attachment":[{"href":"https:\/\/veramobilya.com.tr\/index.php\/wp-json\/wp\/v2\/media?parent=30476"}],"wp:term":[{"taxonomy":"category","embeddable":true,"href":"https:\/\/veramobilya.com.tr\/index.php\/wp-json\/wp\/v2\/categories?post=30476"},{"taxonomy":"post_tag","embeddable":true,"href":"https:\/\/veramobilya.com.tr\/index.php\/wp-json\/wp\/v2\/tags?post=30476"}],"curies":[{"name":"wp","href":"https:\/\/api.w.org\/{rel}","templated":true}]}}