

{"id":30480,"date":"2021-03-13T15:43:46","date_gmt":"2021-03-13T12:43:46","guid":{"rendered":"https:\/\/veramobilya.com.tr\/?p=30480"},"modified":"2021-03-05T15:44:35","modified_gmt":"2021-03-05T12:44:35","slug":"yatak-odasi-takimi-fiyatlari","status":"publish","type":"post","link":"https:\/\/veramobilya.com.tr\/index.php\/2021\/03\/13\/yatak-odasi-takimi-fiyatlari\/","title":{"rendered":"Yatak Odas\u0131 Tak\u0131m\u0131 Fiyatlar\u0131"},"content":{"rendered":"<p><span style=\"font-weight: 400;\">Yatak odalar\u0131, evlerin neredeyse en \u00e7ok kullan\u0131lan alanlar\u0131ndan biridir. \u0130\u015ften gelince yorgunlu\u011fumuzu atmak i\u00e7in, ev i\u015flerinden bitap d\u00fc\u015ft\u00fc\u011f\u00fcm\u00fczde dinlenmek i\u00e7in kulland\u0131\u011f\u0131m\u0131z aland\u0131r. Yatak odalar\u0131n\u0131 en \u00e7okta uyumak i\u00e7in kullan\u0131r\u0131z. En \u00e7ok kulland\u0131\u011f\u0131m\u0131z alanlar\u0131n dekorasyonuna di\u011ferlerinden daha fazla \u00f6zen g\u00f6sterilir. Bu y\u00fczden insanlar ma\u011fazalarda en \u00e7ok yatak odas\u0131 tak\u0131mlar\u0131n\u0131 ara\u015ft\u0131rmaktad\u0131r. Ara\u015ft\u0131rma yaparken sorduklar\u0131 ilk sorunun <strong>yatak odas\u0131 tak\u0131m\u0131 fiyatlar\u0131<\/strong> oldu\u011fu bilinmektedir. Bunun nedeni tak\u0131mlardaki \u00e7e\u015fitin fazla olmas\u0131ndan kaynaklan\u0131r. Bir tak\u0131mda \u00e7e\u015fit ne kadar fazlaysa tak\u0131m\u0131n fiyat aral\u0131\u011f\u0131 olduk\u00e7a de\u011fi\u015fken olmaktad\u0131r. Fiyatlar\u0131n bu kadar de\u011fi\u015fkenlik g\u00f6stermesinin ba\u015fl\u0131ca baz\u0131 sebepleri bulunur. Bizde bu yaz\u0131m\u0131zda bu sebepleri nedenleri ve sonu\u00e7lar\u0131yla a\u00e7\u0131klamaya \u00e7al\u0131\u015faca\u011f\u0131z.\u00a0<\/span><\/p>\n<p><span style=\"font-weight: 400;\">\u0130htiyac\u0131m\u0131z olan bir \u00fcr\u00fcn\u00fc sat\u0131n al\u0131rken \u015f\u00fcphesiz hepimizin ilk sordu\u011fu sorulardan biri \u00fcr\u00fcn\u00fcn fiyat\u0131d\u0131r. Bu soru tabiki mobilya par\u00e7alar\u0131 i\u00e7inde ge\u00e7erlidir. Elbette hi\u00e7 kimse b\u00fct\u00e7esini zorlayacak bir tak\u0131m tercih etmez. Al\u0131\u015fveri\u015fe \u00e7\u0131karken belirledikleri b\u00fct\u00e7enin \u00fczerine \u00e7\u0131kmak istemeyen ki\u015filer bu nedenle fiyat konusunda sorun ya\u015famak istemez. Be\u011fendi\u011fi \u00fcr\u00fcnlerin aksine fiyat aral\u0131\u011f\u0131na uygun olan tak\u0131mlar aras\u0131ndan \u00fcr\u00fcn se\u00e7mek isteyen pek \u00e7ok ki\u015fi bulunmaktad\u0131r. Bunun yan\u0131nda internetten be\u011fendikleri \u00fcr\u00fcnleri kendi b\u00fct\u00e7elerine uydurmak i\u00e7in pek \u00e7ok ma\u011faza gezen ki\u015filer de bulunmaktad\u0131r. Her ikisininde internetten ma\u011faza ve tak\u0131m ararken arad\u0131klar\u0131 kelime <strong>yatak odas\u0131 tak\u0131m\u0131 fiyatlar\u0131<\/strong> olmaktad\u0131r.\u00a0<\/span><\/p>\n<p><span style=\"font-weight: 400;\"><strong>Yatak odas\u0131 tak\u0131m\u0131 fiyatlar\u0131<\/strong> be\u011fenilen \u00fcr\u00fcne, ma\u011fazan\u0131n bulundu\u011fu konuma, ma\u011fazan\u0131n markas\u0131na g\u00f6re de\u011fi\u015fiklik g\u00f6sterir. Fiyatlar\u0131 de\u011fi\u015ftiren di\u011fer bir se\u00e7enek ise \u00fcr\u00fcn\u00fc satan firman\u0131n ma\u011faza veya \u00fcretici olmas\u0131ndan ge\u00e7mektedir. \u00dcretici firmalar her par\u00e7ay\u0131 kendileri tasarlad\u0131klar\u0131 i\u00e7in ma\u011fazadaki fiyatlarla ayn\u0131 olmayacakt\u0131r. Bu ayr\u0131m sadece fiyat\u0131n daha az olmas\u0131ndan de\u011fil daha fazla olmas\u0131yla da olu\u015fur. Firman\u0131n kendi \u00fcr\u00fcn\u00fcn\u00fc tercih etmeniz di\u011fer ma\u011fazalara g\u00f6re daha uygun fiyata sahip olman\u0131z anlam\u0131na gelir. E\u011fer model sadece kendimde olsun, tamamen \u00f6zel tasar\u0131m yapal\u0131m diyorsan\u0131z fiyat elbette y\u00fcksek olacakt\u0131r.\u00a0<\/span><\/p>\n<p><span style=\"font-weight: 400;\"><strong>Yatak odas\u0131 tak\u0131m\u0131 fiyatlar\u0131<\/strong> yukar\u0131da sayd\u0131\u011f\u0131m\u0131z t\u00fcm \u00f6zelliklere g\u00f6re de\u011fi\u015fiklik g\u00f6sterir. Sizde yatak odas\u0131 tak\u0131m\u0131 almak istiyor ve fiyat teklifi almak isterseniz bize ula\u015fabilirsiniz. Modellerimizi g\u00f6rmek i\u00e7inde sayfam\u0131z\u0131 ziyaret edebilirsiniz.\u00a0<\/span><\/p>\n","protected":false},"excerpt":{"rendered":"<p>Yatak odalar\u0131, evlerin neredeyse en \u00e7ok kullan\u0131lan alanlar\u0131ndan biridir. \u0130\u015ften gelince yorgunlu\u011fumuzu atmak i\u00e7in, ev i\u015flerinden bitap d\u00fc\u015ft\u00fc\u011f\u00fcm\u00fczde dinlenmek i\u00e7in kulland\u0131\u011f\u0131m\u0131z aland\u0131r. Yatak odalar\u0131n\u0131 en \u00e7okta uyumak i\u00e7in kullan\u0131r\u0131z. En \u00e7ok kulland\u0131\u011f\u0131m\u0131z alanlar\u0131n dekorasyonuna di\u011ferlerinden daha fazla \u00f6zen g\u00f6sterilir. Bu y\u00fczden insanlar ma\u011fazalarda en \u00e7ok yatak odas\u0131 tak\u0131mlar\u0131n\u0131 ara\u015ft\u0131rmaktad\u0131r. Ara\u015ft\u0131rma yaparken sorduklar\u0131 ilk sorunun yatak [&hellip;]<\/p>\n","protected":false},"author":1,"featured_media":30481,"comment_status":"open","ping_status":"open","sticky":false,"template":"","format":"standard","meta":[],"categories":[1],"tags":[65,75,79],"_links":{"self":[{"href":"https:\/\/veramobilya.com.tr\/index.php\/wp-json\/wp\/v2\/posts\/30480"}],"collection":[{"href":"https:\/\/veramobilya.com.tr\/index.php\/wp-json\/wp\/v2\/posts"}],"about":[{"href":"https:\/\/veramobilya.com.tr\/index.php\/wp-json\/wp\/v2\/types\/post"}],"author":[{"embeddable":true,"href":"https:\/\/veramobilya.com.tr\/index.php\/wp-json\/wp\/v2\/users\/1"}],"replies":[{"embeddable":true,"href":"https:\/\/veramobilya.com.tr\/index.php\/wp-json\/wp\/v2\/comments?post=30480"}],"version-history":[{"count":0,"href":"https:\/\/veramobilya.com.tr\/index.php\/wp-json\/wp\/v2\/posts\/30480\/revisions"}],"wp:featuredmedia":[{"embeddable":true,"href":"https:\/\/veramobilya.com.tr\/index.php\/wp-json\/wp\/v2\/media\/30481"}],"wp:attachment":[{"href":"https:\/\/veramobilya.com.tr\/index.php\/wp-json\/wp\/v2\/media?parent=30480"}],"wp:term":[{"taxonomy":"category","embeddable":true,"href":"https:\/\/veramobilya.com.tr\/index.php\/wp-json\/wp\/v2\/categories?post=30480"},{"taxonomy":"post_tag","embeddable":true,"href":"https:\/\/veramobilya.com.tr\/index.php\/wp-json\/wp\/v2\/tags?post=30480"}],"curies":[{"name":"wp","href":"https:\/\/api.w.org\/{rel}","templated":true}]}}