

{"id":3539,"date":"2020-01-03T00:09:21","date_gmt":"2020-01-02T21:09:21","guid":{"rendered":"https:\/\/veramobilya.com.tr\/?p=3539"},"modified":"2020-01-03T00:09:21","modified_gmt":"2020-01-02T21:09:21","slug":"ankara-koltuk-takimlari","status":"publish","type":"post","link":"https:\/\/veramobilya.com.tr\/index.php\/2020\/01\/03\/ankara-koltuk-takimlari\/","title":{"rendered":"Ankara Koltuk Tak\u0131mlar\u0131"},"content":{"rendered":"<p align=\"justify\">Ev dekorasyonunda de\u011fi\u015fmeyen tek kavram mobilya se\u00e7eneklerimiz, her zaman \u00f6nceli\u011fimiz olmu\u015ftur. Tabi e\u011fer sizler de bu \u00e7er\u00e7evede <i><b>Ankara koltuk tak\u0131mlar\u0131<\/b><\/i> tarz\u0131nda bir aray\u0131\u015f i\u00e7erisindeyseniz \u015fu an bulundu\u011funuz web sayfas\u0131n\u0131n \u00e7ok do\u011fru bir adres oldu\u011funu hemen belirtelim. \u00c7\u00fcnk\u00fc \u00e7ok geni\u015f bir kataloga sahibiz ve bu konsepte gerek kendi \u00fcretimimiz gerekse pek \u00e7ok farkl\u0131 markan\u0131n \u00fcr\u00fcnlerini sayfam\u0131zda bulabiliyorsunuz. Elbette d\u00f6nemsel olarak ger\u00e7ekle\u015ftirmi\u015f oldu\u011fumuz kampanyalar\u0131 takip ederek hayalinizdeki koltuk tak\u0131m\u0131na \u00e7ok daha makul fiyatlarla ula\u015fabilece\u011finizi anti parantez belirtmekte yarar g\u00f6r\u00fcyoruz. \u0130sterseniz konseptimiz i\u00e7erisinde yer alan \u00fcr\u00fcnleri biraz daha detayl\u0131 tan\u0131maya \u00e7al\u0131\u015fal\u0131m.<\/p>\n<h4 align=\"justify\"><span style=\"font-size: large;\"><i><b>Ankara Koltuk Tak\u0131m\u0131 Fiyatlar\u0131 Hi\u00e7 Bu Kadar Uygun Olmam\u0131\u015ft\u0131<\/b><\/i><\/span><\/h4>\n<p align=\"justify\">\u00d6ncelikle fiyat bak\u0131m\u0131ndan bir de\u011ferlendirme yapmak gerekirse <i><b>Ankara koltuk tak\u0131m\u0131 fiyatlar\u0131<\/b><\/i> kapsam\u0131nda ma\u011fazam\u0131z\u0131n s\u00fcrekli olarak uygulamaya koydu\u011fu kampanyalar\u0131ndan mutlaka faydalanman\u0131z gerekti\u011fini d\u00fc\u015f\u00fcn\u00fcyoruz. Bu ba\u011flamda ma\u011fazam\u0131zdan<\/p>\n<ul>\n<li>\n<p align=\"justify\">Koltuk tak\u0131mlar\u0131<\/p>\n<\/li>\n<li>\n<p align=\"justify\"><a href=\"https:\/\/veramobilya.com.tr\/index.php\/urun-kategori\/koltuk-takimlari\/\">Oturma gruplar\u0131<\/a><\/p>\n<\/li>\n<li>\n<p align=\"justify\">\u00c7ocuk ve gen\u00e7 odas\u0131<\/p>\n<\/li>\n<li>\n<p align=\"justify\">Oturma odalar\u0131n\u0131n vazge\u00e7ilmezi kanepeler<\/p>\n<\/li>\n<li>\n<p align=\"justify\">Birbirinden \u015f\u0131k salon tak\u0131mlar\u0131<\/p>\n<\/li>\n<li>\n<p align=\"justify\">Yemek odas\u0131 tak\u0131mlar\u0131<\/p>\n<\/li>\n<li>Yatak odalar\u0131<\/li>\n<\/ul>\n<p align=\"justify\">Gibi ba\u015ftan sona dekorasyonda yer alacak her t\u00fcrl\u00fc konforu bulabilece\u011finizi b\u00fcy\u00fck bir mutlulukla ifade etmek istiyoruz. Tabii ki<i><b> Ankara koltuk tak\u0131mlar\u0131<\/b><\/i> de\u011ferlendirmesinde ma\u011fazam\u0131z \u00fcr\u00fcnlerinin kalite fark\u0131 bak\u0131m\u0131ndan benzeri \u00fcr\u00fcnlerden a\u00e7\u0131k ara \u00f6nde oldu\u011funu da rahatl\u0131kla ifade edebiliriz. \u0130zin verirseniz bu noktada k\u0131sa bir hat\u0131rlatma ile konumuza devam edelim. Uzun y\u0131llara dayal\u0131 sat\u0131\u015f tecr\u00fcbesinin yan\u0131 s\u0131ra kalitelinin b\u00fct\u00e7eleri zorlamayan \u00fcr\u00fcnleriyle dolu stantlar\u0131m\u0131z\u0131 mutlaka yerinde ziyaret etmenizi isteriz efendim.<\/p>\n<p align=\"justify\"><span style=\"font-size: large;\"><i><b>Ankara Koltuk Tak\u0131m\u0131 Modelleri Katalogumuzu \u00c7ok Be\u011feneceksiniz<\/b><\/i><\/span><\/p>\n<p align=\"justify\">Bunun yan\u0131 s\u0131ra ister internet sayfam\u0131zdan isterseniz fiziki olarak ziyaret etti\u011finiz ma\u011fazam\u0131zda her markan\u0131n de\u011fi\u015fik modellerini bulabilece\u011finizi ayr\u0131ca vurgulamak istiyoruz. Dolay\u0131s\u0131yla \u00fcr\u00fcn yelpazesini olduk\u00e7a geni\u015f perspektifte tutuyoruz ve ma\u011fazam\u0131z\u0131n <i><b>Ankara koltuk tak\u0131m\u0131 modelleri<\/b><\/i> aras\u0131ndan bir tercih yapmakta zorlanaca\u011f\u0131n\u0131z\u0131 d\u00fc\u015f\u00fcn\u00fcyoruz. Kalite ve konforun b\u00fcy\u00fck fiyat avantajlar\u0131yla bulu\u015ftu\u011fu<i><b> Ankara koltuk tak\u0131mlar\u0131<\/b><\/i> se\u00e7ene\u011finiz de ma\u011fazam\u0131za yer verdi\u011finiz i\u00e7in \u015fimdiden te\u015fekk\u00fcr ediyoruz. Uzun y\u0131llar sizin ve sevdiklerinizin an\u0131lar\u0131na tan\u0131kl\u0131k edecek dayan\u0131kl\u0131 oldu\u011fu kadar harikulade g\u00f6r\u00fcn\u00fc\u015f\u00fc ile \u00fcr\u00fcnlerimizi tercih etti\u011finiz i\u00e7in \u00e7ok isabetli bir karar verdi\u011finize l\u00fctfen emin olunuz. Keyifli al\u0131\u015fveri\u015fler diliyoruz<\/p>\n","protected":false},"excerpt":{"rendered":"<p>Ev dekorasyonunda de\u011fi\u015fmeyen tek kavram mobilya se\u00e7eneklerimiz, her zaman \u00f6nceli\u011fimiz olmu\u015ftur. Tabi e\u011fer sizler de bu \u00e7er\u00e7evede Ankara koltuk tak\u0131mlar\u0131 tarz\u0131nda bir aray\u0131\u015f i\u00e7erisindeyseniz \u015fu an bulundu\u011funuz web sayfas\u0131n\u0131n \u00e7ok do\u011fru bir adres oldu\u011funu hemen belirtelim. \u00c7\u00fcnk\u00fc \u00e7ok geni\u015f bir kataloga sahibiz ve bu konsepte gerek kendi \u00fcretimimiz gerekse pek \u00e7ok farkl\u0131 markan\u0131n \u00fcr\u00fcnlerini sayfam\u0131zda [&hellip;]<\/p>\n","protected":false},"author":1,"featured_media":3540,"comment_status":"open","ping_status":"open","sticky":false,"template":"","format":"standard","meta":[],"categories":[1],"tags":[47,45,46],"_links":{"self":[{"href":"https:\/\/veramobilya.com.tr\/index.php\/wp-json\/wp\/v2\/posts\/3539"}],"collection":[{"href":"https:\/\/veramobilya.com.tr\/index.php\/wp-json\/wp\/v2\/posts"}],"about":[{"href":"https:\/\/veramobilya.com.tr\/index.php\/wp-json\/wp\/v2\/types\/post"}],"author":[{"embeddable":true,"href":"https:\/\/veramobilya.com.tr\/index.php\/wp-json\/wp\/v2\/users\/1"}],"replies":[{"embeddable":true,"href":"https:\/\/veramobilya.com.tr\/index.php\/wp-json\/wp\/v2\/comments?post=3539"}],"version-history":[{"count":0,"href":"https:\/\/veramobilya.com.tr\/index.php\/wp-json\/wp\/v2\/posts\/3539\/revisions"}],"wp:featuredmedia":[{"embeddable":true,"href":"https:\/\/veramobilya.com.tr\/index.php\/wp-json\/wp\/v2\/media\/3540"}],"wp:attachment":[{"href":"https:\/\/veramobilya.com.tr\/index.php\/wp-json\/wp\/v2\/media?parent=3539"}],"wp:term":[{"taxonomy":"category","embeddable":true,"href":"https:\/\/veramobilya.com.tr\/index.php\/wp-json\/wp\/v2\/categories?post=3539"},{"taxonomy":"post_tag","embeddable":true,"href":"https:\/\/veramobilya.com.tr\/index.php\/wp-json\/wp\/v2\/tags?post=3539"}],"curies":[{"name":"wp","href":"https:\/\/api.w.org\/{rel}","templated":true}]}}