

{"id":35837,"date":"2021-04-01T17:18:34","date_gmt":"2021-04-01T14:18:34","guid":{"rendered":"https:\/\/veramobilya.com.tr\/?p=35837"},"modified":"2021-04-01T17:18:34","modified_gmt":"2021-04-01T14:18:34","slug":"kose-koltuk-takimlari","status":"publish","type":"post","link":"https:\/\/veramobilya.com.tr\/index.php\/2021\/04\/01\/kose-koltuk-takimlari\/","title":{"rendered":"K\u00f6\u015fe Koltuk Tak\u0131mlar\u0131"},"content":{"rendered":"<p><span style=\"font-weight: 400;\">Salondan sonra dekorasyonuna en \u00e7ok dikkat etti\u011fimiz alanlar oturma odalar\u0131d\u0131r. Bu y\u00fczden vaktimizin \u00e7o\u011funu oturma odalar\u0131nda ge\u00e7iririz. Salonlardan daha rahat bir alan tercih etmemizin sebebi de budur. Oturma odalar\u0131nda bu y\u00fczden daha rahat mobilyalar\u0131 tercih ederiz. <em><strong>K\u00f6\u015fe koltuk tak\u0131mlar\u0131<\/strong><\/em> oturma odalar\u0131nda en \u00e7ok tercih etti\u011fimiz mobilya t\u00fcrlerinden biridir. Odalar\u0131n k\u00fc\u00e7\u00fck olmas\u0131 nedeniyle koltuk tak\u0131mlar\u0131n\u0131n s\u0131\u011fmamas\u0131, k\u00f6\u015fe tak\u0131mlar\u0131n\u0131n \u00f6n\u00fcn\u00fc a\u00e7m\u0131\u015ft\u0131r. Pek \u00e7ok kullan\u0131\u015fl\u0131 \u00f6zelli\u011finin olmas\u0131yla da tercih nedeni haline gelmi\u015ftir. Modeline ve \u00fcretildi\u011fi yere ba\u011fl\u0131 olarak yatakl\u0131 veya sand\u0131kl\u0131 modelleri kar\u015f\u0131m\u0131za \u00e7\u0131kmaktad\u0131r. \u00d6zellikle ev han\u0131mlar\u0131n\u0131n ve akrabalar\u0131ndan uzak \u015fehirlerde oturanlar\u0131n yatakl\u0131 modeller dikkatini \u00e7ekmektedir. Neredeyse a\u00e7\u0131l\u0131nca salon tak\u0131mlar\u0131 kadar olabilirler.\u00a0<\/span><\/p>\n<p><span style=\"font-weight: 400;\"><em><strong>K\u00f6\u015fe koltuk tak\u0131mlar\u0131<\/strong><\/em> genel olarak 2 gruba ayr\u0131l\u0131rlar. L tak\u0131mlar ve U tak\u0131mlar ma\u011fazalarda mevcuttur. \u015eekillerinden dolay\u0131 bu isimleri alm\u0131\u015flard\u0131r. Yani l k\u00f6\u015fe tak\u0131m\u0131 l \u015feklinde, u k\u00f6\u015fe tak\u0131m\u0131 ise u \u015feklindedir. U k\u00f6\u015fe tak\u0131m\u0131, L k\u00f6\u015fe tak\u0131m\u0131na g\u00f6re daha b\u00fcy\u00fckt\u00fcr ve bu y\u00fczden daha geni\u015f alan kaplamaktad\u0131r. Bu y\u00f6n\u00fcyle U k\u00f6\u015fe tak\u0131m\u0131n\u0131n her odaya s\u0131\u011fmas\u0131 beklenemez. Bu y\u00fczden \u00e7o\u011fu oturma odas\u0131nda L k\u00f6\u015fe tak\u0131m\u0131 tercih edilmektedir. <\/span><span style=\"font-weight: 400;\">K\u00f6\u015fe koltuk tak\u0131m\u0131 kullanman\u0131n veya tercih etmenin en b\u00fcy\u00fck avantaj\u0131 yer s\u0131k\u0131nt\u0131s\u0131 ya\u015famadan dekorasyonun g\u00fczelli\u011fini bozmadan oturma grubu ihtiyac\u0131n\u0131z\u0131 kar\u015f\u0131l\u0131yor olman\u0131zd\u0131r. Ama\u00e7 bu oldu\u011fu i\u00e7in e\u011fer oda k\u00fc\u00e7\u00fckse, b\u00fcy\u00fck tak\u0131mlar\u0131n tercih edilmemesi gerekir. Son y\u0131llarda sadece salon ve oturma odas\u0131 gibi mahallerde kullan\u0131lan k\u00f6\u015fe tak\u0131mlar\u0131 g\u00fcn\u00fcm\u00fcz in\u015faat sisteminde mutfaklara az yer ayr\u0131lmas\u0131 nedeni ile mutfaklarda kullan\u0131lmaya ba\u015flanm\u0131\u015ft\u0131r. Sadece mutfaklarda de\u011fil b\u00fcy\u00fck balkonlarda ve teraslarda da tercih edilmektedir. Teras ve balkonlarda alan tasarrufu sa\u011flanmas\u0131, balkon ve teras dekorasyonunun\u00a0 muhte\u015fem bir g\u00fczelli\u011fe sahip olmas\u0131 i\u00e7inde i\u00e7 mimarlar taraf\u0131ndan tercih edilmektedir.\u00a0<\/span><\/p>\n<p><span style=\"font-weight: 400;\"><em><strong>K\u00f6\u015fe koltuk tak\u0131mlar\u0131<\/strong><\/em> ihtiyac\u0131n\u0131za g\u00f6re evinizin her odas\u0131nda kullan\u0131labilir \u015fekilde tasarlanmaktad\u0131r. Odan\u0131z\u0131n \u015fekline ve b\u00fcy\u00fckl\u00fc\u011f\u00fcne g\u00f6re farkl\u0131 tarzlarda k\u00f6\u015fe tak\u0131m\u0131 tercihi yapabilirsiniz. Yeni bir trend olmas\u0131yla pek \u00e7ok evde ve odada yerini alm\u0131\u015f ve almaya devam etmektedir. Sizde k\u00f6\u015fe tak\u0131m\u0131na ihtiya\u00e7 duyuyorsan\u0131z Vera Mobilya ma\u011fazalar\u0131na u\u011frayabilirsiniz.\u00a0\u00a0<\/span><\/p>\n","protected":false},"excerpt":{"rendered":"<p>Salondan sonra dekorasyonuna en \u00e7ok dikkat etti\u011fimiz alanlar oturma odalar\u0131d\u0131r. Bu y\u00fczden vaktimizin \u00e7o\u011funu oturma odalar\u0131nda ge\u00e7iririz. Salonlardan daha rahat bir alan tercih etmemizin sebebi de budur. Oturma odalar\u0131nda bu y\u00fczden daha rahat mobilyalar\u0131 tercih ederiz. K\u00f6\u015fe koltuk tak\u0131mlar\u0131 oturma odalar\u0131nda en \u00e7ok tercih etti\u011fimiz mobilya t\u00fcrlerinden biridir. Odalar\u0131n k\u00fc\u00e7\u00fck olmas\u0131 nedeniyle koltuk tak\u0131mlar\u0131n\u0131n s\u0131\u011fmamas\u0131, [&hellip;]<\/p>\n","protected":false},"author":1,"featured_media":35839,"comment_status":"open","ping_status":"open","sticky":false,"template":"","format":"standard","meta":[],"categories":[1],"tags":[87,68],"_links":{"self":[{"href":"https:\/\/veramobilya.com.tr\/index.php\/wp-json\/wp\/v2\/posts\/35837"}],"collection":[{"href":"https:\/\/veramobilya.com.tr\/index.php\/wp-json\/wp\/v2\/posts"}],"about":[{"href":"https:\/\/veramobilya.com.tr\/index.php\/wp-json\/wp\/v2\/types\/post"}],"author":[{"embeddable":true,"href":"https:\/\/veramobilya.com.tr\/index.php\/wp-json\/wp\/v2\/users\/1"}],"replies":[{"embeddable":true,"href":"https:\/\/veramobilya.com.tr\/index.php\/wp-json\/wp\/v2\/comments?post=35837"}],"version-history":[{"count":1,"href":"https:\/\/veramobilya.com.tr\/index.php\/wp-json\/wp\/v2\/posts\/35837\/revisions"}],"predecessor-version":[{"id":150615,"href":"https:\/\/veramobilya.com.tr\/index.php\/wp-json\/wp\/v2\/posts\/35837\/revisions\/150615"}],"wp:featuredmedia":[{"embeddable":true,"href":"https:\/\/veramobilya.com.tr\/index.php\/wp-json\/wp\/v2\/media\/35839"}],"wp:attachment":[{"href":"https:\/\/veramobilya.com.tr\/index.php\/wp-json\/wp\/v2\/media?parent=35837"}],"wp:term":[{"taxonomy":"category","embeddable":true,"href":"https:\/\/veramobilya.com.tr\/index.php\/wp-json\/wp\/v2\/categories?post=35837"},{"taxonomy":"post_tag","embeddable":true,"href":"https:\/\/veramobilya.com.tr\/index.php\/wp-json\/wp\/v2\/tags?post=35837"}],"curies":[{"name":"wp","href":"https:\/\/api.w.org\/{rel}","templated":true}]}}