

{"id":3612,"date":"2020-01-06T10:43:55","date_gmt":"2020-01-06T07:43:55","guid":{"rendered":"https:\/\/veramobilya.com.tr\/?p=3612"},"modified":"2021-03-11T14:02:44","modified_gmt":"2021-03-11T11:02:44","slug":"ankara-kose-takimlari","status":"publish","type":"post","link":"https:\/\/veramobilya.com.tr\/index.php\/2020\/01\/06\/ankara-kose-takimlari\/","title":{"rendered":"Ankara K\u00f6\u015fe Tak\u0131mlar\u0131"},"content":{"rendered":"<p><span style=\"font-family: Arial, serif;\"><span style=\"font-size: medium;\">K\u00f6\u015fe koltuk tak\u0131mlar\u0131 evinizde oturma odalar\u0131nda ya da salonlarda kullan\u0131labilen estetik ve elastik mobilya modellerindendir. <\/span><\/span><span style=\"font-family: Arial, serif;\"><span style=\"font-size: medium;\"><b><em>Ankara k\u00f6\u015fe tak\u0131mlar\u0131<\/em><\/b><\/span><\/span><span style=\"font-family: Arial, serif;\"><span style=\"font-size: medium;\"> kullan\u0131m amac\u0131 konuklar\u0131 a\u011f\u0131rlayabilecek daha geni\u015f kapasiteli mobilyalara gereksinim duymak ve evlerde t\u00fcketimi zor olan k\u00f6\u015feleri de\u011ferlendirmektir. Bir evin tasar\u0131m\u0131 her \u015feyi demektir. Tasar\u0131m ve dekorasyon bak\u0131m\u0131ndan bir ev ba\u015fta ev sahibi olmak \u00fczere g\u00f6r\u00fcn\u00fcme sahip olan <\/span><\/span><span style=\"font-family: Arial, serif;\"><span style=\"font-size: medium;\">k\u00f6\u015fe tak\u0131mlar\u0131<\/span><\/span><span style=\"font-family: Arial, serif;\"><span style=\"font-size: medium;\"> ile evlerinizin g\u00f6r\u00fcnt\u00fcs\u00fcn\u00fc komple de\u011fi\u015ftirmeniz m\u00fcmk\u00fcnd\u00fcr.<\/span><\/span><\/p>\n<h4 class=\"western\"><span style=\"color: #000000;\"><span style=\"font-family: Arial, serif;\"><span style=\"font-size: large;\"><em><strong>Ankara K\u00f6\u015fe Tak\u0131mlar\u0131<\/strong><\/em> Genel \u00d6zellikleri Nelerdir?<\/span><\/span><\/span><\/h4>\n<p><span style=\"font-family: Arial, serif;\"><span style=\"font-size: medium;\">\u00a0<\/span><\/span><span style=\"font-family: Arial, serif;\"><span style=\"font-size: medium;\">K\u00f6\u015fe Tak\u0131mlar\u0131 mobilyalar\u0131n\u0131n genel \u00f6zellikleri \u015fu \u015fekilde s\u0131ralanabilir:<\/span><\/span><\/p>\n<ol>\n<li><span style=\"font-family: Arial, serif;\"><span style=\"font-size: medium;\">K\u00f6\u015fe koltuk tak\u0131mlar\u0131 evlerde t\u00fcketimi zor olan alanlarda rahat rahat kullan\u0131labilmektedir.<\/span><\/span><\/li>\n<li><span style=\"font-family: Arial, serif;\"><span style=\"font-size: medium;\">Geni\u015f kapasitesi ile koltuk tak\u0131mlar\u0131ndan daha \u00e7ok oturma k\u0131sm\u0131 sa\u011flamaktad\u0131r. Bu ama\u00e7la ziyaret\u00e7isi bol olan evlerde genel tercih listelenmesinde ilk s\u0131rada yer almaktad\u0131r.<\/span><\/span><\/li>\n<li><span style=\"font-family: Arial, serif;\"><span style=\"font-size: medium;\">Kolay kurulumu ve basit yer de\u011fi\u015ftirmesi yard\u0131m\u0131yla ev i\u00e7erisinde yap\u0131lacak de\u011fi\u015fikliklerde zahmetsizce yerle\u015ftirilebilir.<\/span><\/span><\/li>\n<li><span style=\"font-family: Arial, serif;\"><span style=\"font-size: medium;\">Kurulumu ve t\u00fcketimi kadar, hijyenik hale getirilmesi de son derece basit ve zahmetsizdir.<\/span><\/span><\/li>\n<li><span style=\"font-family: Arial, serif;\"><span style=\"font-size: medium;\">K\u00f6\u015fe tak\u0131m\u0131 s\u0131k s\u0131k sarfedilen odalarda yer alaca\u011f\u0131 i\u00e7in kirlenmesi ve y\u0131pranmas\u0131 olas\u0131l\u0131\u011f\u0131 y\u00fcksektir.<\/span><\/span><\/li>\n<\/ol>\n<p><span style=\"font-family: Arial, serif;\"><span style=\"font-size: medium;\">Bu ama\u00e7la kullan\u0131m s\u0131ras\u0131nda ya da ard\u0131ndan yap\u0131lmas\u0131 gereken detayl\u0131 i\u015fler vard\u0131r. Bu i\u015fler genel bak\u0131m ve temizlik kapsam\u0131na girmektedir. Bak\u0131m ve temizlik a\u015famalar\u0131 \u015fu \u015fekilde s\u0131ralanabilir: K\u00f6\u015fe tak\u0131m\u0131 kirlenmesi halinde ilk olarak var ise kirlenen alandaki kirin kabas\u0131 al\u0131nmal\u0131d\u0131r. Kaba kir al\u0131nd\u0131ktan sonra nemli bir bez \u00fcst\u00fcne kuvvetli bir kimyasal deterjan s\u00fcr\u00fclerek lekeli b\u00f6lge hafif\u00e7e ovulur. Ovman\u0131n \u015fiddetinin \u00e7ok olmas\u0131, k\u00f6\u015fe koltuk tak\u0131m\u0131 y\u00fczeyinin zedelenmesini yan\u0131nda getirece\u011finden, ovma \u015fiddetine ilgi etmenizde yarar var. L k\u00f6\u015fe koltuklar kirlenmesini ve y\u0131pranmas\u0131n\u0131 \u00f6nlemek amac\u0131yla deseni ho\u015f, koltuk ve duvar renklerinize uyumlu bir koltuk \u00f6rt\u00fcs\u00fc ile \u00fcst\u00fcn\u00fc \u00f6rtmeniz yararl\u0131 olacakt\u0131r. Bu sayede k\u00f6\u015fe tak\u0131m\u0131 hem basit kirlenmeyecek hem de \u00e7abuk y\u0131pranmayacakt\u0131r. B\u00f6ylece uzun seneler mobilyalar\u0131n\u0131z\u0131 kullanman\u0131n zevkini ya\u015fayacaks\u0131n\u0131z.<em><strong> Ankara k\u00f6\u015fe tak\u0131mlar\u0131<\/strong><\/em> t\u00fcketiminde s\u0131k\u00e7a olu\u015fturulan sorunlar nedeniyle mobilyan\u0131n \u00f6mr\u00fc k\u0131salmaktad\u0131r. Bu y\u00fczden kullan\u0131rken birka\u00e7 hususa ilgi edilmesi t\u00fcketicilerin yarar\u0131nad\u0131r. <\/span><\/span><\/p>\n<p><em><strong>Ankara k\u00f6\u015fe tak\u0131mlar\u0131<\/strong> <\/em>ve k\u00f6\u015fe koltuk tak\u0131m\u0131 fiyatlar\u0131 <a href=\"https:\/\/veramobilya.com.tr\/\">Vera Mobilya<\/a>&#8216;da sizi bekliyor. K\u00f6\u015fe tak\u0131mlar\u0131 sarfedilen malzemeye i\u015f\u00e7ili\u011fe g\u00f6re de\u011fi\u015fiklik g\u00f6sterir. <span style=\"font-family: Arial, serif;\"><span style=\"font-size: medium;\">K\u00f6\u015fe koltuk tak\u0131mlar\u0131 de\u011fi\u015fik tasar\u0131mlar\u0131 yan\u0131 s\u0131ra genel \u00f6zellikleri ile de ilgi \u00e7ekmektedir. Bu \u00f6zellikleri yard\u0131m\u0131yla \u00e7o\u011fu \u015fah\u0131s do\u011frulusunda tercih edilmektedirler.<\/span><\/span><\/p>\n","protected":false},"excerpt":{"rendered":"<p>K\u00f6\u015fe koltuk tak\u0131mlar\u0131 evinizde oturma odalar\u0131nda ya da salonlarda kullan\u0131labilen estetik ve elastik mobilya modellerindendir. Ankara k\u00f6\u015fe tak\u0131mlar\u0131 kullan\u0131m amac\u0131 konuklar\u0131 a\u011f\u0131rlayabilecek daha geni\u015f kapasiteli mobilyalara gereksinim duymak ve evlerde t\u00fcketimi zor olan k\u00f6\u015feleri de\u011ferlendirmektir. Bir evin tasar\u0131m\u0131 her \u015feyi demektir. Tasar\u0131m ve dekorasyon bak\u0131m\u0131ndan bir ev ba\u015fta ev sahibi olmak \u00fczere g\u00f6r\u00fcn\u00fcme sahip olan [&hellip;]<\/p>\n","protected":false},"author":1,"featured_media":3613,"comment_status":"open","ping_status":"open","sticky":false,"template":"","format":"standard","meta":[],"categories":[1],"tags":[48,50,49],"_links":{"self":[{"href":"https:\/\/veramobilya.com.tr\/index.php\/wp-json\/wp\/v2\/posts\/3612"}],"collection":[{"href":"https:\/\/veramobilya.com.tr\/index.php\/wp-json\/wp\/v2\/posts"}],"about":[{"href":"https:\/\/veramobilya.com.tr\/index.php\/wp-json\/wp\/v2\/types\/post"}],"author":[{"embeddable":true,"href":"https:\/\/veramobilya.com.tr\/index.php\/wp-json\/wp\/v2\/users\/1"}],"replies":[{"embeddable":true,"href":"https:\/\/veramobilya.com.tr\/index.php\/wp-json\/wp\/v2\/comments?post=3612"}],"version-history":[{"count":0,"href":"https:\/\/veramobilya.com.tr\/index.php\/wp-json\/wp\/v2\/posts\/3612\/revisions"}],"wp:featuredmedia":[{"embeddable":true,"href":"https:\/\/veramobilya.com.tr\/index.php\/wp-json\/wp\/v2\/media\/3613"}],"wp:attachment":[{"href":"https:\/\/veramobilya.com.tr\/index.php\/wp-json\/wp\/v2\/media?parent=3612"}],"wp:term":[{"taxonomy":"category","embeddable":true,"href":"https:\/\/veramobilya.com.tr\/index.php\/wp-json\/wp\/v2\/categories?post=3612"},{"taxonomy":"post_tag","embeddable":true,"href":"https:\/\/veramobilya.com.tr\/index.php\/wp-json\/wp\/v2\/tags?post=3612"}],"curies":[{"name":"wp","href":"https:\/\/api.w.org\/{rel}","templated":true}]}}