

{"id":3789,"date":"2020-01-09T10:17:09","date_gmt":"2020-01-09T07:17:09","guid":{"rendered":"https:\/\/veramobilya.com.tr\/?p=3789"},"modified":"2020-01-09T10:17:09","modified_gmt":"2020-01-09T07:17:09","slug":"ankara-yemek-odasi","status":"publish","type":"post","link":"https:\/\/veramobilya.com.tr\/index.php\/2020\/01\/09\/ankara-yemek-odasi\/","title":{"rendered":"Ankara Yemek Odas\u0131"},"content":{"rendered":"<p align=\"justify\">Misafirlerin a\u011f\u0131rland\u0131\u011f\u0131 ve bir bak\u0131ma gidilen yeri temsil eden yemek odas\u0131 tak\u0131mlar\u0131 hakikaten itinal\u0131 bir se\u00e7im yapmay\u0131 gerektiriyor. E\u011fer sizlerde bu ama\u00e7la <i><b>Ankara yemek odas\u0131<\/b><\/i> se\u00e7imi yapmak \u00fczere bir ara\u015ft\u0131rma i\u00e7erisindeyseniz l\u00fctfen web sayfam\u0131zdan bir yerlere ayr\u0131lmay\u0131n\u0131z. \u00c7\u00fcnk\u00fc web sayfam\u0131zda birbirinden muhte\u015fem de\u011fi\u015fik markalar\u0131n yemek odas\u0131 tak\u0131mlar\u0131n\u0131 son derece makul fiyatlarla bulacaks\u0131n\u0131z. \u00dcstelik kredi kart\u0131 gibi pek \u00e7ok avantaj\u0131m\u0131z da cabas\u0131. Bunun yan\u0131 s\u0131ra sat\u0131n alm\u0131\u015f oldu\u011funuz \u00fcr\u00fcnlerin tamam\u0131n\u0131 firmam\u0131z\u0131n uzman personeli bizzat adresinizde kurulum yaparak sizlere teslim ediyor. L\u00fctfen sayfam\u0131zda yer alan g\u00f6rseller \u00fczerinden her biri birbirinden farkl\u0131 \u00f6zelliklerde takdim edilen \u00fcr\u00fcnlerimizi incelemeyi unutmay\u0131n\u0131z.<\/p>\n<h4 align=\"justify\"><span style=\"font-size: large;\">Ankara Yemek Odas\u0131 Tak\u0131mlar\u0131 Fiyatlar\u0131 Cazip Seviyelerde <\/span><\/h4>\n<p align=\"justify\">Elbette uzun y\u0131llara yay\u0131lan sat\u0131\u015f tecr\u00fcbesi ile firmam\u0131z sayg\u0131de\u011fer m\u00fc\u015fterilerinin b\u00fct\u00e7elerini de d\u00fc\u015f\u00fcn\u00fcyor ve bu \u00e7er\u00e7evede <i><b>Ankara yemek odas\u0131 tak\u0131mlar\u0131 fiyatlar\u0131<\/b><\/i> s\u00fcrekli cazip seviyelerde tutuluyor efendim. Dolay\u0131s\u0131yla b\u00fct\u00e7eleri zorlamayan harikulade \u00fcr\u00fcnlerimize sahip olmak isteyece\u011finizi d\u00fc\u015f\u00fcn\u00fcyoruz. Tabii <i><b>Ankara yemek odas\u0131 <\/b><\/i>tak\u0131m\u0131 d\u0131\u015f\u0131nda daha pek \u00e7ok \u00fcr\u00fcn\u00fcm\u00fcz bulunuyor ve ayn\u0131 avantajlarla bu \u00fcr\u00fcnlerimizi de sat\u0131n alabiliyorsunuz. K\u00fc\u00e7\u00fck bir hat\u0131rlatma yaparak konumuza devam edelim. D\u00f6nemsel olarak ger\u00e7ekle\u015ftirmi\u015f oldu\u011fumuz kampanyalar\u0131 takip ederek mevcut fiyatlar\u0131m\u0131zdan \u00e7ok daha uygun ko\u015fullarda al\u0131\u015fveri\u015f yapabilir ve dekorasyonunuza renk katacak modellerimizi evinizde g\u00f6rebilirsiniz.<\/p>\n<h4 align=\"justify\"><span style=\"font-size: large;\">Yemek Odas\u0131 Modelleri Aras\u0131ndan Bir Tercih Yapmakta Zorlanacaks\u0131n\u0131z<\/span><\/h4>\n<p align=\"justify\">Sizlerin k\u0131yaslama yapabilmesi a\u00e7\u0131s\u0131ndan web sayfam\u0131zda bir hayli fazla say\u0131da <i><b>yemek odas\u0131 modelleri<\/b><\/i> bulunduruyoruz ve se\u00e7im yapmakta biraz zorlanaca\u011f\u0131n\u0131z\u0131 \u015fimdiden belirtelim efendim. \u00c7\u00fcnk\u00fc ister modern tarzda, ister geleneksel anlay\u0131\u015fla \u00fcretilmi\u015f olduk\u00e7a geni\u015f bir katologa sahibiz. Peki, ba\u015fka hangi \u00fcr\u00fcnlerimiz stantlar\u0131m\u0131zda yer al\u0131yor, k\u0131saca bir g\u00f6z atal\u0131m.<\/p>\n<ul>\n<li>\n<p align=\"justify\"><a href=\"https:\/\/veramobilya.com.tr\/index.php\/urun-kategori\/yemek-odasi-takimlari\/\">Yemek odas\u0131 tak\u0131mlar\u0131<\/a><\/p>\n<\/li>\n<li>\n<p align=\"justify\">Yatak odas\u0131<\/p>\n<\/li>\n<li>\n<p align=\"justify\">\u00c7ocuk ve gen\u00e7 odas\u0131<\/p>\n<\/li>\n<li>\n<p align=\"justify\">Bebek odas\u0131<\/p>\n<\/li>\n<li>\n<p align=\"justify\">Salon tak\u0131mlar\u0131<\/p>\n<\/li>\n<li>\n<p align=\"justify\">Oturma gruplar\u0131<\/p>\n<\/li>\n<li>\n<p align=\"justify\">Sandalye, masa ve sehpa grubu<\/p>\n<\/li>\n<li>\n<p align=\"justify\">Ev ve i\u015f yeri dekorasyonu i\u00e7in gereksinim duydu\u011funuz mobilya grubu<\/p>\n<\/li>\n<\/ul>\n<p align=\"justify\">Tarz\u0131nda ihtiya\u00e7 duydu\u011funuz A&#8217;dan Z&#8217;ye dekorasyon \u00fcr\u00fcnlerini ma\u011fazam\u0131zda bulabilirsiniz. Renk ve kuma\u015f se\u00e7eneklerinin yan\u0131 s\u0131ra tercih edece\u011finiz markan\u0131n de\u011fi\u015fik modellerini bulaca\u011f\u0131n\u0131z sayfam\u0131z\u0131 yak\u0131ndan takip etmenizi \u00f6neriyoruz. <i><b>Ankara yemek odas\u0131<\/b><\/i> tak\u0131mlar\u0131 i\u00e7in tart\u0131\u015fmas\u0131z adresiniz olmaya devam ediyoruz efendim. Esen kal\u0131n\u0131z<\/p>\n","protected":false},"excerpt":{"rendered":"<p>Misafirlerin a\u011f\u0131rland\u0131\u011f\u0131 ve bir bak\u0131ma gidilen yeri temsil eden yemek odas\u0131 tak\u0131mlar\u0131 hakikaten itinal\u0131 bir se\u00e7im yapmay\u0131 gerektiriyor. E\u011fer sizlerde bu ama\u00e7la Ankara yemek odas\u0131 se\u00e7imi yapmak \u00fczere bir ara\u015ft\u0131rma i\u00e7erisindeyseniz l\u00fctfen web sayfam\u0131zdan bir yerlere ayr\u0131lmay\u0131n\u0131z. \u00c7\u00fcnk\u00fc web sayfam\u0131zda birbirinden muhte\u015fem de\u011fi\u015fik markalar\u0131n yemek odas\u0131 tak\u0131mlar\u0131n\u0131 son derece makul fiyatlarla bulacaks\u0131n\u0131z. \u00dcstelik kredi kart\u0131 [&hellip;]<\/p>\n","protected":false},"author":1,"featured_media":3790,"comment_status":"open","ping_status":"open","sticky":false,"template":"","format":"standard","meta":[],"categories":[1],"tags":[53,51,52],"_links":{"self":[{"href":"https:\/\/veramobilya.com.tr\/index.php\/wp-json\/wp\/v2\/posts\/3789"}],"collection":[{"href":"https:\/\/veramobilya.com.tr\/index.php\/wp-json\/wp\/v2\/posts"}],"about":[{"href":"https:\/\/veramobilya.com.tr\/index.php\/wp-json\/wp\/v2\/types\/post"}],"author":[{"embeddable":true,"href":"https:\/\/veramobilya.com.tr\/index.php\/wp-json\/wp\/v2\/users\/1"}],"replies":[{"embeddable":true,"href":"https:\/\/veramobilya.com.tr\/index.php\/wp-json\/wp\/v2\/comments?post=3789"}],"version-history":[{"count":0,"href":"https:\/\/veramobilya.com.tr\/index.php\/wp-json\/wp\/v2\/posts\/3789\/revisions"}],"wp:featuredmedia":[{"embeddable":true,"href":"https:\/\/veramobilya.com.tr\/index.php\/wp-json\/wp\/v2\/media\/3790"}],"wp:attachment":[{"href":"https:\/\/veramobilya.com.tr\/index.php\/wp-json\/wp\/v2\/media?parent=3789"}],"wp:term":[{"taxonomy":"category","embeddable":true,"href":"https:\/\/veramobilya.com.tr\/index.php\/wp-json\/wp\/v2\/categories?post=3789"},{"taxonomy":"post_tag","embeddable":true,"href":"https:\/\/veramobilya.com.tr\/index.php\/wp-json\/wp\/v2\/tags?post=3789"}],"curies":[{"name":"wp","href":"https:\/\/api.w.org\/{rel}","templated":true}]}}