

{"id":4718,"date":"2020-02-03T15:46:11","date_gmt":"2020-02-03T12:46:11","guid":{"rendered":"https:\/\/veramobilya.com.tr\/?p=4718"},"modified":"2021-03-11T14:08:59","modified_gmt":"2021-03-11T11:08:59","slug":"ankara-yatak-odasi","status":"publish","type":"post","link":"https:\/\/veramobilya.com.tr\/index.php\/2020\/02\/03\/ankara-yatak-odasi\/","title":{"rendered":"Ankara Yatak Odas\u0131"},"content":{"rendered":"<p align=\"justify\">Muhte\u015fem salonlar ve ba\u015ftan sona dekorasyonun tart\u0131\u015fmas\u0131z adresi web sayfam\u0131za ho\u015f geldiniz. Ba\u015fta <i><b>Ankara yatak odas\u0131<\/b><\/i> tak\u0131mlar\u0131 olmak \u00fczere pek \u00e7ok \u00fcr\u00fcn\u00fc bulabilece\u011finiz sayfam\u0131z sizlerin kolayca al\u0131\u015fveri\u015f yapabilmesine imk\u00e2n sa\u011flamak \u00fczere tasarland\u0131. Elbette sat\u0131n ald\u0131\u011f\u0131n\u0131z her \u00fcr\u00fcn firmam\u0131z\u0131n uzman personeli taraf\u0131ndan adresinize ula\u015ft\u0131r\u0131l\u0131yor ve firmam\u0131z\u0131n g\u00fcvencesi alt\u0131nda kurulumu sa\u011fland\u0131ktan sonra sizlere teslim ediliyor. \u00dcstelik cazip fiyatlar\u0131m\u0131zla desteklenmi\u015f \u00fcr\u00fcnlerimizi kredi kart\u0131 avantajlar\u0131 ile sat\u0131n alabiliyorsunuz. \u0130ster mod\u00fcler ister klasik ve \u00e7ok farkl\u0131 modellerde dekorasyon \u00fcr\u00fcnlerinin bulundu\u011fu ma\u011fazam\u0131z uzun y\u0131llara dayal\u0131 sat\u0131\u015f tecr\u00fcbesi ile sizlerin memnuniyetini hedefliyor. Bunun yan\u0131 s\u0131ra daha \u00fcr\u00fcn g\u00f6rsellerimizi t\u0131klayarak sat\u0131n almay\u0131 d\u00fc\u015f\u00fcnd\u00fc\u011f\u00fcn\u00fcz mobilya&#8217;n\u0131n genel \u00f6zelliklerini ayr\u0131nt\u0131l\u0131 bir \u015fekilde g\u00f6rebiliyorsunuz.<\/p>\n<h4 align=\"justify\"><span style=\"font-size: large;\"><i><b>Ankara Yatak Odas\u0131 Tak\u0131m\u0131 Fiyatlar\u0131 Makul Seviyelerde Bulunuyor<\/b><\/i><\/span><\/h4>\n<p align=\"justify\">Tabii d\u00f6nemsel olarak ger\u00e7ekle\u015ftirmi\u015f oldu\u011fumuz kampanyalar nedeniyle \u015fu an <i><b>Ankara yatak odas\u0131 tak\u0131m\u0131 fiyatlar\u0131<\/b><\/i> ger\u00e7ekten \u00e7ok makul d\u00fczeylerde bulunuyor. Dolay\u0131s\u0131yla bu kampanya ka\u00e7maz diyoruz ve evini yenilemek isteyenler i\u00e7in harika f\u0131rsatlar\u0131n sizleri bekledi\u011fini ifade etmek istiyoruz. Peki, ma\u011fazam\u0131zda <i><b>Ankara yatak odas\u0131<\/b><\/i> tak\u0131mlar\u0131 d\u0131\u015f\u0131nda hangi \u00fcr\u00fcnlerimiz bulunuyor. Dilerseniz k\u0131saca bir g\u00f6z atal\u0131m.<\/p>\n<ul>\n<li>\n<p align=\"justify\">Avangart ve mod\u00fcler mobilya grubu \u00fcr\u00fcnleri<\/p>\n<\/li>\n<li>\n<p align=\"justify\">Bebek ve \u00e7ocuk odas\u0131 tak\u0131mlar\u0131<\/p>\n<\/li>\n<li>\n<p align=\"justify\">Yemek odas\u0131 tak\u0131m\u0131 (konsol, ayna ve sandalye e\u015fli\u011finde)<\/p>\n<\/li>\n<li>\n<p align=\"justify\">Farkl\u0131 modellerde yatak odas\u0131 tak\u0131mlar\u0131<\/p>\n<\/li>\n<li>\n<p align=\"justify\">Oturma gruplar\u0131<\/p>\n<\/li>\n<li>\n<p align=\"justify\">K\u00f6\u015fe tak\u0131mlar\u0131<\/p>\n<\/li>\n<li>\n<p align=\"justify\">Masa ve sandalye se\u00e7enekleri<\/p>\n<\/li>\n<li>\n<p align=\"justify\">Koltuk ve kanepeler<\/p>\n<\/li>\n<li>\n<p align=\"justify\">TV \u00fcniteleri<\/p>\n<\/li>\n<li>\n<p align=\"justify\">Ayd\u0131nlatma sistemleri<\/p>\n<\/li>\n<li>\n<p align=\"justify\">Bunun yan\u0131 s\u0131ra portmanto ve vestiyer grubu<\/p>\n<\/li>\n<li>\n<p align=\"justify\">Mutfak ve banyo tak\u0131mlar\u0131<\/p>\n<\/li>\n<\/ul>\n<p align=\"justify\">Tarz\u0131nda y\u00fczlerce \u00fcr\u00fcn\u00fc ma\u011fazam\u0131zdan en uygun ko\u015fullarda sat\u0131n alabilece\u011finizi l\u00fctfen unutmay\u0131n\u0131z.<\/p>\n<h4 align=\"justify\"><span style=\"font-size: large;\"><i><b>Yatak Odas\u0131 Tak\u0131m\u0131 Firmam\u0131zdan Al\u0131n\u0131r Efendim<\/b><\/i><\/span><\/h4>\n<p align=\"justify\">Her b\u00fct\u00e7eye uygun <i><b>yatak odas\u0131 tak\u0131m\u0131<\/b><\/i> modelleri ile zenginle\u015fen stantlar\u0131m\u0131zda f\u0131rsat \u00fcr\u00fcnlerimizin sizler taraf\u0131ndan \u00e7ok iyi de\u011ferlendirilece\u011fini d\u00fc\u015f\u00fcn\u00fcyoruz. Pek tabii do\u011frudan al\u0131\u015fveri\u015fin keyfini ya\u015fayaca\u011f\u0131n\u0131z web sayfam\u0131z\u0131 yak\u0131ndan takip ederek d\u00f6nemsel kampanyalar\u0131m\u0131z\u0131 ka\u00e7\u0131rmayaca\u011f\u0131n\u0131z\u0131 d\u00fc\u015f\u00fcn\u00fcyoruz. G\u00fcn\u00fcn her saatinde a\u00e7\u0131k bulundurdu\u011fumuz ileti\u015fim se\u00e7enekleri \u00fczerinden ma\u011fazam\u0131za ula\u015fabilir ve \u00fcr\u00fcnlerimiz ile ilgili olarak \u00e7ok daha kapsaml\u0131 bilgi edinebilirsiniz. L\u00fctfen <i><b>Ankara yatak odas\u0131<\/b><\/i> tak\u0131m\u0131 ve s\u00fcrekli yenilenen t\u00fcm dekorasyon \u00fcr\u00fcnlerimiz i\u00e7in sayfam\u0131z\u0131 takipte kal\u0131n\u0131z. \u015eimdiden hay\u0131rl\u0131 olsun diyoruz ve ma\u011fazam\u0131za bekliyoruz efendim. Esen kal\u0131n\u0131z<\/p>\n","protected":false},"excerpt":{"rendered":"<p>Muhte\u015fem salonlar ve ba\u015ftan sona dekorasyonun tart\u0131\u015fmas\u0131z adresi web sayfam\u0131za ho\u015f geldiniz. Ba\u015fta Ankara yatak odas\u0131 tak\u0131mlar\u0131 olmak \u00fczere pek \u00e7ok \u00fcr\u00fcn\u00fc bulabilece\u011finiz sayfam\u0131z sizlerin kolayca al\u0131\u015fveri\u015f yapabilmesine imk\u00e2n sa\u011flamak \u00fczere tasarland\u0131. Elbette sat\u0131n ald\u0131\u011f\u0131n\u0131z her \u00fcr\u00fcn firmam\u0131z\u0131n uzman personeli taraf\u0131ndan adresinize ula\u015ft\u0131r\u0131l\u0131yor ve firmam\u0131z\u0131n g\u00fcvencesi alt\u0131nda kurulumu sa\u011fland\u0131ktan sonra sizlere teslim ediliyor. \u00dcstelik cazip [&hellip;]<\/p>\n","protected":false},"author":1,"featured_media":4719,"comment_status":"open","ping_status":"open","sticky":false,"template":"","format":"standard","meta":[],"categories":[1],"tags":[56,54,55],"_links":{"self":[{"href":"https:\/\/veramobilya.com.tr\/index.php\/wp-json\/wp\/v2\/posts\/4718"}],"collection":[{"href":"https:\/\/veramobilya.com.tr\/index.php\/wp-json\/wp\/v2\/posts"}],"about":[{"href":"https:\/\/veramobilya.com.tr\/index.php\/wp-json\/wp\/v2\/types\/post"}],"author":[{"embeddable":true,"href":"https:\/\/veramobilya.com.tr\/index.php\/wp-json\/wp\/v2\/users\/1"}],"replies":[{"embeddable":true,"href":"https:\/\/veramobilya.com.tr\/index.php\/wp-json\/wp\/v2\/comments?post=4718"}],"version-history":[{"count":0,"href":"https:\/\/veramobilya.com.tr\/index.php\/wp-json\/wp\/v2\/posts\/4718\/revisions"}],"wp:featuredmedia":[{"embeddable":true,"href":"https:\/\/veramobilya.com.tr\/index.php\/wp-json\/wp\/v2\/media\/4719"}],"wp:attachment":[{"href":"https:\/\/veramobilya.com.tr\/index.php\/wp-json\/wp\/v2\/media?parent=4718"}],"wp:term":[{"taxonomy":"category","embeddable":true,"href":"https:\/\/veramobilya.com.tr\/index.php\/wp-json\/wp\/v2\/categories?post=4718"},{"taxonomy":"post_tag","embeddable":true,"href":"https:\/\/veramobilya.com.tr\/index.php\/wp-json\/wp\/v2\/tags?post=4718"}],"curies":[{"name":"wp","href":"https:\/\/api.w.org\/{rel}","templated":true}]}}